{"id":1636,"date":"2026-03-15T08:01:55","date_gmt":"2026-03-15T07:01:55","guid":{"rendered":"https:\/\/wofvideo.pro\/mostjott\/?p=1636"},"modified":"2026-03-15T08:01:55","modified_gmt":"2026-03-15T07:01:55","slug":"sulyos-pillanatok-a-sefek-sefe-sztarjanal","status":"publish","type":"post","link":"https:\/\/wofvideo.pro\/mostjott\/sulyos-pillanatok-a-sefek-sefe-sztarjanal\/","title":{"rendered":"S\u00falyos pillanatok a S\u00e9fek S\u00e9fe szt\u00e1rj\u00e1n\u00e1l"},"content":{"rendered":"<h3>A S\u00e9fek s\u00e9fe egyik legtapasztaltabb versenyz\u0151je, Ve\u00e9gh Attila azok k\u00f6z\u00e9 tartozik a konyh\u00e1ban, akik ink\u00e1bb a munk\u00e1ra koncentr\u00e1lnak: nem dramatiz\u00e1l, nem emeli fel a hangj\u00e1t, hanem c\u00e9ltudatosan v\u00e9gzi a feladatait. Az 59 \u00e9ves c\u00e9gvezet\u0151 az\u00e9rt jelentkezett a TV2 gasztro reality m\u0171sor\u00e1ba, mert szerette volna kipr\u00f3b\u00e1lni mag\u00e1t nehezebb k\u00f6r\u00fclm\u00e9nyek k\u00f6z\u00f6tt is. MUTATJUK A R\u00c9SZLETEKET!<\/h3>\n<h3><span style=\"color: #ff0000;\"><strong>A h\u00edr nem \u00e9rt v\u00e9get! Folytat\u00e1shoz haszn\u00e1ld a K\u00d6VETKEZ\u0150 OLDAL gombot!<\/strong><\/span><\/h3>\n<h3 style=\"text-align: right;\"><a href=\"https:\/\/wofvideo.pro\/napifriss\/?p=1645\" target=\"_blank\" rel=\"noopener\"><span style=\"color: #ff0000;\">&#8212;&gt;&gt; K\u00d6VETKEZ\u0150 OLDAL<\/span><\/a><\/h3>\n<p>&#8211;<\/p>\n<p>Er\u0151s terhel\u00e9sn\u00e9l, p\u00e9ld\u00e1ul meredek emelked\u0151n vagy gyors el\u0151z\u00e9skor, a benzinmotor m\u00e9g mindig hangos dr\u00f3nt ad ki, mert a CVT v\u00e1lt\u00f3 miatt a fordulatsz\u00e1m gyorsabban emelkedik, mint ahogy az aut\u00f3 halad. Szerencs\u00e9re a facelift modellek extra elektromos t\u00e1mogat\u00e1sa miatt ez a jelens\u00e9g ritk\u00e1bban fordul el\u0151, mint a r\u00e9gebbi verzi\u00f3kban. Parkol\u00e1skor semmif\u00e9le stressz nincs, hiszen minden Corolla alapfelszerelts\u00e9gk\u00e9nt reversing kamer\u00e1val \u00e9s h\u00e1ts\u00f3 szenzorokkal \u00e9rkezik. Ezek t\u00f6k\u00e9letesen kompenz\u00e1lj\u00e1k a kiss\u00e9 korl\u00e1tozott h\u00e1ts\u00f3 l\u00e1t\u00f3teret, \u00e9s tesztek sor\u00e1n semmilyen probl\u00e9m\u00e1t nem tapasztaltunk: tiszt\u00e1n l\u00e1ttuk az el\u0151tt\u00fcnk l\u00e9v\u0151 utat \u00e9s a mellette l\u00e9v\u0151 akad\u00e1lyokat is.<\/p>\n<p>A Toyota szerint az 1,8 literes hibrid ferdeh\u00e1t\u00fa 64,1 mpg (azaz k\u00f6r\u00fclbel\u00fcl 4,4 l\/100 km) fogyaszt\u00e1st \u00e9rhet el, m\u00edg a 2,0 literes nagyobb benzinmotorral 62,7 mpg (kb. 4,5 l\/100 km) a maximum. Ezek az \u00e9rt\u00e9kek a leg\u00fajabb WLTP-ciklus alapj\u00e1n m\u00e9rt hivatalos adatok, teh\u00e1t val\u00f3s haszn\u00e1latban kiss\u00e9 alacsonyabbak lehetnek, f\u00fcgg\u0151en a vezet\u00e9si st\u00edlust\u00f3l, terhel\u00e9st\u0151l \u00e9s \u00fatviszonyokt\u00f3l. Saj\u00e1t tesztek alapj\u00e1n viszont nyugodtan mondhatjuk, hogy mindennapi haszn\u00e1latban \u2013 v\u00e1rosi k\u00f6zleked\u00e9s, aut\u00f3p\u00e1lya \u00e9s orsz\u00e1g\u00fat kever\u00e9k\u00e9vel \u2013 50 mpg (kb. 5,6 l\/100 km) felett sim\u00e1n tarthat\u00f3 a fogyaszt\u00e1s, ami kiemelked\u0151 a kateg\u00f3ri\u00e1ban.<\/p>\n","protected":false},"excerpt":{"rendered":"<p>A S\u00e9fek s\u00e9fe egyik legtapasztaltabb versenyz\u0151je, Ve\u00e9gh Attila azok k\u00f6z\u00e9 tartozik a konyh\u00e1ban, akik ink\u00e1bb a munk\u00e1ra koncentr\u00e1lnak: nem dramatiz\u00e1l,&#8230; <span class=\"gridview-grid-post-read-more\"><a href=\"https:\/\/wofvideo.pro\/mostjott\/sulyos-pillanatok-a-sefek-sefe-sztarjanal\/\">read more<span class=\"gridview-sr-only\"> S\u00falyos pillanatok a S\u00e9fek S\u00e9fe szt\u00e1rj\u00e1n\u00e1l<\/span><\/a><\/span><\/p>\n","protected":false},"author":1,"featured_media":1637,"comment_status":"open","ping_status":"open","sticky":false,"template":"","format":"standard","meta":{"footnotes":""},"categories":[1],"tags":[],"class_list":["post-1636","post","type-post","status-publish","format-standard","has-post-thumbnail","hentry","category-egyeb","wpcat-1-id"],"_links":{"self":[{"href":"https:\/\/wofvideo.pro\/mostjott\/wp-json\/wp\/v2\/posts\/1636","targetHints":{"allow":["GET"]}}],"collection":[{"href":"https:\/\/wofvideo.pro\/mostjott\/wp-json\/wp\/v2\/posts"}],"about":[{"href":"https:\/\/wofvideo.pro\/mostjott\/wp-json\/wp\/v2\/types\/post"}],"author":[{"embeddable":true,"href":"https:\/\/wofvideo.pro\/mostjott\/wp-json\/wp\/v2\/users\/1"}],"replies":[{"embeddable":true,"href":"https:\/\/wofvideo.pro\/mostjott\/wp-json\/wp\/v2\/comments?post=1636"}],"version-history":[{"count":1,"href":"https:\/\/wofvideo.pro\/mostjott\/wp-json\/wp\/v2\/posts\/1636\/revisions"}],"predecessor-version":[{"id":1639,"href":"https:\/\/wofvideo.pro\/mostjott\/wp-json\/wp\/v2\/posts\/1636\/revisions\/1639"}],"wp:featuredmedia":[{"embeddable":true,"href":"https:\/\/wofvideo.pro\/mostjott\/wp-json\/wp\/v2\/media\/1637"}],"wp:attachment":[{"href":"https:\/\/wofvideo.pro\/mostjott\/wp-json\/wp\/v2\/media?parent=1636"}],"wp:term":[{"taxonomy":"category","embeddable":true,"href":"https:\/\/wofvideo.pro\/mostjott\/wp-json\/wp\/v2\/categories?post=1636"},{"taxonomy":"post_tag","embeddable":true,"href":"https:\/\/wofvideo.pro\/mostjott\/wp-json\/wp\/v2\/tags?post=1636"}],"curies":[{"name":"wp","href":"https:\/\/api.w.org\/{rel}","templated":true}]}}