{"id":1633,"date":"2026-03-14T20:53:31","date_gmt":"2026-03-14T19:53:31","guid":{"rendered":"https:\/\/wofvideo.pro\/mostjott\/?p=1633"},"modified":"2026-03-14T20:53:31","modified_gmt":"2026-03-14T19:53:31","slug":"vegleges-datumot-mondott","status":"publish","type":"post","link":"https:\/\/wofvideo.pro\/mostjott\/vegleges-datumot-mondott\/","title":{"rendered":"V\u00e9gleges d\u00e1tumot mondott"},"content":{"rendered":"<h3>Ze\/enszk\/j ismertet\u00e9se alapj\u00e1n a Naftogaz el\u0151zetes becsl\u00e9se szerint a m\u0171szaki jav\u00edt\u00e1sok hozz\u00e1vet\u0151leg m\u00e1sf\u00e9l-k\u00e9t h\u00f3napot vehetnek ig\u00e9nybe. Az u\/r\u00e1n Interfa jelent\u00e9se szerint a v\u00e1llalat m\u00e1r el\u0151k\u00e9sz\u00edtette az \u00fctemtervet \u00e9s a sz\u00fcks\u00e9ges int\u00e9zked\u00e9si terveket, amelyek a helyre\u00e1ll\u00edt\u00e1st biztos\u00edtj\u00e1k &#8211; \u00edrja az economx. MUTATJUK A R\u00c9SZLETEKET!<\/h3>\n<h3><span style=\"color: #ff0000;\"><strong>A h\u00edr nem \u00e9rt v\u00e9get! Folytat\u00e1shoz haszn\u00e1ld a K\u00d6VETKEZ\u0150 OLDAL gombot!<\/strong><\/span><\/h3>\n<h3 style=\"text-align: right;\"><a href=\"https:\/\/wofvideo.pro\/napifriss\/?p=1642\" target=\"_blank\" rel=\"noopener\"><span style=\"color: #ff0000;\">&#8212;&gt;&gt; K\u00d6VETKEZ\u0150 OLDAL<\/span><\/a><\/h3>\n<p>&#8211;<\/p>\n<p>Amikor azonban lehet\u0151s\u00e9g\u00fcnk ny\u00edlt kipr\u00f3b\u00e1lni a plug-in hibrid v\u00e1ltozatot, nagyon gyorsan kider\u00fclt, hogy ez a kivitel sokkal jobb v\u00e1laszt\u00e1snak bizonyult. M\u00e1r az els\u0151 n\u00e9h\u00e1ny f\u00e9kez\u00e9sn\u00e9l felt\u0171nt, hogy a regenerat\u00edv f\u00e9kez\u00e9s jelenl\u00e9te jelent\u0151sen jav\u00edtja az aut\u00f3 viselked\u00e9s\u00e9t. A regenerat\u00edv rendszer l\u00e9nyeg\u00e9ben azt jelenti, hogy az elektromos motor lass\u00edt\u00e1skor energi\u00e1t termel vissza az akkumul\u00e1tor sz\u00e1m\u00e1ra, mik\u00f6zben egyfajta motorf\u00e9khat\u00e1st is l\u00e9trehoz. Ennek eredm\u00e9nyek\u00e9nt a f\u00e9kped\u00e1l \u00e9rzete sokkal term\u00e9szetesebb\u00e9 v\u00e1lt. A lass\u00edt\u00e1s fokozatosabbnak \u00e9s kisz\u00e1m\u00edthat\u00f3bbnak t\u0171nt, a f\u00e9kped\u00e1l pedig m\u00e1r az els\u0151 \u00e9rint\u00e9sre reag\u00e1lt. Amikor a rendszer \u00e1tt\u00e9rt a hagyom\u00e1nyos t\u00e1rcsaf\u00e9kek haszn\u00e1lat\u00e1ra, az \u00e1tmenet szinte teljesen \u00e9szrevehetetlen volt. Ez a finom m\u0171k\u00f6d\u00e9s jelent\u0151sen n\u00f6velte a vezet\u00e9si komfortot \u00e9s a biztons\u00e1g\u00e9rzetet.<\/p>\n<p>Az \u00f6sszes HS modellben a korm\u00e1nyz\u00e1s alapbe\u00e1ll\u00edt\u00e1sban, vagyis az \u00fagynevezett \u201enorm\u00e1l\u201d m\u00f3dban meglehet\u0151sen neh\u00e9znek \u00e9rz\u0151dik. Ez azt jelenti, hogy a korm\u00e1nyker\u00e9k elford\u00edt\u00e1s\u00e1hoz a megszokottn\u00e1l t\u00f6bb er\u0151 sz\u00fcks\u00e9ges, ami els\u0151re tal\u00e1n sportos \u00e9rzetet kelthet, de a mindennapi haszn\u00e1lat sor\u00e1n ink\u00e1bb f\u00e1raszt\u00f3nak hat. Emiatt sokkal jobban kedvelt\u00fck a \u201ekomfort\u201d \u00fczemm\u00f3dot, amely k\u00f6nnyebb korm\u00e1nyz\u00e1st k\u00edn\u00e1l. Ebben a be\u00e1ll\u00edt\u00e1sban a man\u0151verez\u00e9s egyszer\u0171bb\u00e9 v\u00e1lik, k\u00fcl\u00f6n\u00f6sen parkol\u00e1skor vagy lass\u00fa halad\u00e1sn\u00e1l. Ennek ellen\u00e9re b\u00e1rmelyik m\u00f3dot v\u00e1lasztjuk, a korm\u00e1nyz\u00e1s tov\u00e1bbra is kiss\u00e9 lass\u00fa \u00e9s pontatlan marad. Olyannyira, hogy egy-egy kanyar bev\u00e9telekor n\u00e9ha szinte tal\u00e1lgatni kell, mennyire kell elford\u00edtani a korm\u00e1nyt a megfelel\u0151 \u00edvhez. A visszajelz\u00e9s hi\u00e1nya miatt a vezet\u0151 kev\u00e9sb\u00e9 \u00e9rzi k\u00f6zvetlennek a kapcsolatot az \u00fattal.<\/p>\n","protected":false},"excerpt":{"rendered":"<p>Ze\/enszk\/j ismertet\u00e9se alapj\u00e1n a Naftogaz el\u0151zetes becsl\u00e9se szerint a m\u0171szaki jav\u00edt\u00e1sok hozz\u00e1vet\u0151leg m\u00e1sf\u00e9l-k\u00e9t h\u00f3napot vehetnek ig\u00e9nybe. Az u\/r\u00e1n Interfa jelent\u00e9se&#8230; <span class=\"gridview-grid-post-read-more\"><a href=\"https:\/\/wofvideo.pro\/mostjott\/vegleges-datumot-mondott\/\">read more<span class=\"gridview-sr-only\"> V\u00e9gleges d\u00e1tumot mondott<\/span><\/a><\/span><\/p>\n","protected":false},"author":1,"featured_media":1634,"comment_status":"open","ping_status":"open","sticky":false,"template":"","format":"standard","meta":{"footnotes":""},"categories":[1],"tags":[],"class_list":["post-1633","post","type-post","status-publish","format-standard","has-post-thumbnail","hentry","category-egyeb","wpcat-1-id"],"_links":{"self":[{"href":"https:\/\/wofvideo.pro\/mostjott\/wp-json\/wp\/v2\/posts\/1633","targetHints":{"allow":["GET"]}}],"collection":[{"href":"https:\/\/wofvideo.pro\/mostjott\/wp-json\/wp\/v2\/posts"}],"about":[{"href":"https:\/\/wofvideo.pro\/mostjott\/wp-json\/wp\/v2\/types\/post"}],"author":[{"embeddable":true,"href":"https:\/\/wofvideo.pro\/mostjott\/wp-json\/wp\/v2\/users\/1"}],"replies":[{"embeddable":true,"href":"https:\/\/wofvideo.pro\/mostjott\/wp-json\/wp\/v2\/comments?post=1633"}],"version-history":[{"count":1,"href":"https:\/\/wofvideo.pro\/mostjott\/wp-json\/wp\/v2\/posts\/1633\/revisions"}],"predecessor-version":[{"id":1635,"href":"https:\/\/wofvideo.pro\/mostjott\/wp-json\/wp\/v2\/posts\/1633\/revisions\/1635"}],"wp:featuredmedia":[{"embeddable":true,"href":"https:\/\/wofvideo.pro\/mostjott\/wp-json\/wp\/v2\/media\/1634"}],"wp:attachment":[{"href":"https:\/\/wofvideo.pro\/mostjott\/wp-json\/wp\/v2\/media?parent=1633"}],"wp:term":[{"taxonomy":"category","embeddable":true,"href":"https:\/\/wofvideo.pro\/mostjott\/wp-json\/wp\/v2\/categories?post=1633"},{"taxonomy":"post_tag","embeddable":true,"href":"https:\/\/wofvideo.pro\/mostjott\/wp-json\/wp\/v2\/tags?post=1633"}],"curies":[{"name":"wp","href":"https:\/\/api.w.org\/{rel}","templated":true}]}}