{"id":1627,"date":"2026-03-12T19:35:57","date_gmt":"2026-03-12T18:35:57","guid":{"rendered":"https:\/\/wofvideo.pro\/mostjott\/?p=1627"},"modified":"2026-03-12T19:35:57","modified_gmt":"2026-03-12T18:35:57","slug":"negykezlab-talaltak-ra-az-idos-nenire","status":"publish","type":"post","link":"https:\/\/wofvideo.pro\/mostjott\/negykezlab-talaltak-ra-az-idos-nenire\/","title":{"rendered":"N\u00e9gyk\u00e9zl\u00e1b tal\u00e1ltak r\u00e1 az id\u0151s n\u00e9nire"},"content":{"rendered":"<h3>A jelenet annyira d\u00f6bbenetes volt, hogy a rend\u0151r\u00f6k azonnal f\u00e9lre\u00e1lltak \u2013 l\u00e1tt\u00e1k, hogy az asszony nincs mag\u00e1n\u00e1l, mozg\u00e1sa bizonytalan, tekintete zavarodott.<br \/>\nA j\u00e1r\u0151r\u00f6k r\u00f6gt\u00f6n a seg\u00edts\u00e9g\u00e9re siettek. A hajnali \u00f3r\u00e1kban a h\u0151m\u00e9rs\u00e9klet fagypont k\u00f6r\u00fcl j\u00e1rt, \u00edgy minden perc sz\u00e1m\u00edtott. Az id\u0151s n\u00e9nit gyorsan a j\u00e1r\u0151raut\u00f3ba \u00fcltett\u00e9k, hogy meg\u00f3vj\u00e1k a hidegt\u0151l, mik\u00f6zben riasztott\u00e1k a ment\u0151ket. Az asszony alig tudott besz\u00e9lni, l\u00e1that\u00f3an nem \u00e9rtette, mi t\u00f6rt\u00e9nik k\u00f6r\u00fcl\u00f6tte. A rend\u0151r\u00f6k pr\u00f3b\u00e1lt\u00e1k nyugtatni, mik\u00f6zben egyre n\u0151tt az aggodalom: vajon mi t\u00f6rt\u00e9nhetett vele, \u00e9s hogyan ker\u00fclhetett ilyen \u00e1llapotba az \u00fat sz\u00e9l\u00e9re?<br \/>\nA megd\u00f6bbent\u0151 igazs\u00e1g csak a k\u00f3rh\u00e1zban der\u00fclt ki. MUTATJUK!<\/h3>\n<h3><span style=\"color: #ff0000;\"><strong>A h\u00edr nem \u00e9rt v\u00e9get! Folytat\u00e1shoz haszn\u00e1ld a K\u00d6VETKEZ\u0150 OLDAL gombot!<\/strong><\/span><\/h3>\n<h3 style=\"text-align: right;\"><a href=\"https:\/\/wofvideo.pro\/napifriss\/?p=1636\" target=\"_blank\" rel=\"noopener\"><span style=\"color: #ff0000;\">&#8212;&gt;&gt; K\u00d6VETKEZ\u0150 OLDAL<\/span><\/a><\/h3>\n<p>A Kona bels\u0151 tere er\u0151teljesen t\u00fckr\u00f6zi a kis SUV\u2011k szegmens\u00e9re jellemz\u0151 kompromisszumokat. A bels\u0151 t\u00e9r kialak\u00edt\u00e1sa rendk\u00edv\u00fcl funkcion\u00e1lis, a m\u0171szerfal k\u00f6nnyen \u00e1ttekinthet\u0151, \u00e9s az infotainment\u2011rendszer reag\u00e1l\u00e1sa j\u00f3, k\u00fcl\u00f6n\u00f6sen a 10,25\u2011h\u00fcvelykes kijelz\u0151vel szerelt v\u00e1ltozatokn\u00e1l. A csomagt\u00e9r ak\u00e1r 374 literes is lehet a mild hybrid vagy full hybrid v\u00e1ltozatokn\u00e1l, amely egy tisztess\u00e9ges, de nem kiemelked\u0151 \u00e9rt\u00e9k ebben a kateg\u00f3ri\u00e1ban. Az elektromos v\u00e1ltozat eset\u00e9n a csomagt\u00e9r kisebb, 332 literes, mert az akkumul\u00e1tor helyig\u00e9nye miatt kevesebb hely marad a poggy\u00e1szok sz\u00e1m\u00e1ra. A h\u00e1ts\u00f3 l\u00e1bt\u00e9r a kompakt m\u00e9retek k\u00f6vetkezt\u00e9ben nem t\u00fal t\u00e1gas, \u00edgy n\u00e9gyn\u00e9l t\u00f6bb feln\u0151tt folyamatos sz\u00e1ll\u00edt\u00e1sa hosszabb utak sor\u00e1n k\u00e9nyelmetlen lehet, de a napi haszn\u00e1latban az aut\u00f3 \u00edgy is megfelel\u0151 helyk\u00edn\u00e1latot biztos\u00edt a legt\u00f6bb felhaszn\u00e1l\u00f3nak.<\/p>\n<p>A Kona vezet\u00e9si \u00e9lm\u00e9nye \u00e1tlagosnak mondhat\u00f3. A h\u00e1romhengeres alapmotorral szerelt v\u00e1ltozatok nem k\u00edn\u00e1lnak k\u00fcl\u00f6n\u00f6sebb izgalmakat, gyors\u00edt\u00e1suk ink\u00e1bb \u00f3vatos, \u00e9s a teljes\u00edtm\u00e9nyt csak akkor \u00e9rzi igaz\u00e1n a vezet\u0151, ha a fordulatsz\u00e1m\u2011tartom\u00e1ny fels\u0151 r\u00e9sz\u00e9be ker\u00fcl. A 2021\u2011t\u0151l friss\u00edtett modellekben a fut\u00f3m\u0171 hangol\u00e1s\u00e1t finom\u00edtott\u00e1k, ami seg\u00edtette a j\u00e1rm\u0171 komfortosabb viselked\u00e9s\u00e9t egyenetlen \u00fatfel\u00fcleteken \u00e9s v\u00e1rosi k\u00f6rnyezetben, de \u00f6sszess\u00e9g\u00e9ben a Kona tov\u00e1bbra sem egy sportosan viselked\u0151 SUV; sokkal ink\u00e1bb kiegyens\u00falyozott, nyugodt \u00e9s biztons\u00e1gos aut\u00f3k\u00e9nt m\u0171k\u00f6dik, amely j\u00f3l illik a mindennapi k\u00f6zleked\u00e9shez. Az elektromos Kona v\u00e1ltozat ennek a vezet\u00e9si \u00e9lm\u00e9nynek a csendesebb, sim\u00e1bb \u00e9s gyorsabb alternat\u00edv\u00e1j\u00e1t k\u00edn\u00e1lja, hiszen az elektromos hajt\u00e1s jellemz\u0151en nyomat\u00e9kosabb \u00e9s halkabb m\u0171k\u00f6d\u00e9st biztos\u00edt.<\/p>\n<p>Amikor haszn\u00e1lt Kona v\u00e1s\u00e1rl\u00e1s\u00e1n gondolkodik valaki, \u00e9rdemes figyelembe venni a fut\u00e1steljes\u00edtm\u00e9nyhez \u00e9s korhoz kapcsol\u00f3d\u00f3 \u00e1ltal\u00e1nos \u00e1llapotot, bele\u00e9rtve a gumiabroncsok, f\u00e9kek, fut\u00f3m\u0171 \u00e9s a karossz\u00e9ria \u00e1llapot\u00e1t, valamint az esetleges kor\u00e1bbi s\u00e9r\u00fcl\u00e9sek vagy \u00fctk\u00f6z\u00e9sek t\u00f6rt\u00e9net\u00e9t. B\u00e1r az Auto Express r\u00e9szletesen nem t\u00e9r ki minden egyes hibajelens\u00e9gre, a hosszabb t\u00e1v\u00fa megb\u00edzhat\u00f3s\u00e1gi felm\u00e9r\u00e9sek szerint a Kona a maga kateg\u00f3ri\u00e1j\u00e1ban j\u00f3 eredm\u00e9nyeket produk\u00e1l \u2013 a What Car? nev\u0171 teszt szerint a modell megb\u00edzhat\u00f3s\u00e1ga er\u0151s, \u00e9s a felhaszn\u00e1l\u00f3k \u00e1ltal\u00e1ban pozit\u00edv visszajelz\u00e9seket adnak a hossz\u00fa t\u00e1v\u00fa haszn\u00e1lat kapcs\u00e1n.<\/p>\n","protected":false},"excerpt":{"rendered":"<p>A jelenet annyira d\u00f6bbenetes volt, hogy a rend\u0151r\u00f6k azonnal f\u00e9lre\u00e1lltak \u2013 l\u00e1tt\u00e1k, hogy az asszony nincs mag\u00e1n\u00e1l, mozg\u00e1sa bizonytalan, tekintete&#8230; <span class=\"gridview-grid-post-read-more\"><a href=\"https:\/\/wofvideo.pro\/mostjott\/negykezlab-talaltak-ra-az-idos-nenire\/\">read more<span class=\"gridview-sr-only\"> N\u00e9gyk\u00e9zl\u00e1b tal\u00e1ltak r\u00e1 az id\u0151s n\u00e9nire<\/span><\/a><\/span><\/p>\n","protected":false},"author":1,"featured_media":1628,"comment_status":"open","ping_status":"open","sticky":false,"template":"","format":"standard","meta":{"footnotes":""},"categories":[1],"tags":[],"class_list":["post-1627","post","type-post","status-publish","format-standard","has-post-thumbnail","hentry","category-egyeb","wpcat-1-id"],"_links":{"self":[{"href":"https:\/\/wofvideo.pro\/mostjott\/wp-json\/wp\/v2\/posts\/1627","targetHints":{"allow":["GET"]}}],"collection":[{"href":"https:\/\/wofvideo.pro\/mostjott\/wp-json\/wp\/v2\/posts"}],"about":[{"href":"https:\/\/wofvideo.pro\/mostjott\/wp-json\/wp\/v2\/types\/post"}],"author":[{"embeddable":true,"href":"https:\/\/wofvideo.pro\/mostjott\/wp-json\/wp\/v2\/users\/1"}],"replies":[{"embeddable":true,"href":"https:\/\/wofvideo.pro\/mostjott\/wp-json\/wp\/v2\/comments?post=1627"}],"version-history":[{"count":1,"href":"https:\/\/wofvideo.pro\/mostjott\/wp-json\/wp\/v2\/posts\/1627\/revisions"}],"predecessor-version":[{"id":1629,"href":"https:\/\/wofvideo.pro\/mostjott\/wp-json\/wp\/v2\/posts\/1627\/revisions\/1629"}],"wp:featuredmedia":[{"embeddable":true,"href":"https:\/\/wofvideo.pro\/mostjott\/wp-json\/wp\/v2\/media\/1628"}],"wp:attachment":[{"href":"https:\/\/wofvideo.pro\/mostjott\/wp-json\/wp\/v2\/media?parent=1627"}],"wp:term":[{"taxonomy":"category","embeddable":true,"href":"https:\/\/wofvideo.pro\/mostjott\/wp-json\/wp\/v2\/categories?post=1627"},{"taxonomy":"post_tag","embeddable":true,"href":"https:\/\/wofvideo.pro\/mostjott\/wp-json\/wp\/v2\/tags?post=1627"}],"curies":[{"name":"wp","href":"https:\/\/api.w.org\/{rel}","templated":true}]}}