{"id":1624,"date":"2026-03-12T19:14:20","date_gmt":"2026-03-12T18:14:20","guid":{"rendered":"https:\/\/wofvideo.pro\/mostjott\/?p=1624"},"modified":"2026-03-12T19:14:20","modified_gmt":"2026-03-12T18:14:20","slug":"ez-okozta-dudas-miki-halalat","status":"publish","type":"post","link":"https:\/\/wofvideo.pro\/mostjott\/ez-okozta-dudas-miki-halalat\/","title":{"rendered":"Ez okozta Dud\u00e1s Miki hal\u00e1l\u00e1t"},"content":{"rendered":"<h3>Ivett az RTL Reggeliben k\u00f6nnyek k\u00f6z\u00f6tt mes\u00e9lt arr\u00f3l, milyen a mindennapok val\u00f3s\u00e1ga Miki n\u00e9lk\u00fcl. Mint mondta, a gyerekek adj\u00e1k neki az er\u0151t, hogy napr\u00f3l napra talpon maradjon. A gyerekek r\u00e1ad\u00e1sul sok mindenben eml\u00e9keztetik \u0151t Mikire. \u201eSzerencs\u00e9re mindk\u00e9t gyerek hasonl\u00edt r\u00e1 k\u00fcls\u0151leg \u00e9s bels\u0151leg is. Ha r\u00e1juk n\u00e9zek egy neh\u00e9z pillanatban, er\u0151t adnak. Amikor pedig azt \u00e9rzem, hogy legsz\u00edvesebben meg\u00f6leln\u00e9m Mikit, akkor arra gondolok: itt maradt bel\u0151le k\u00e9t kicsi.\u201d A f\u00e1jdalmat azonban m\u00e9g nehezebb\u00e9 teszi a nyomaszt\u00f3 val\u00f3s\u00e1g!<br \/>\nEz okozta Dud\u00e1s Miki hal\u00e1l\u00e1t! MUTATJUK!<\/h3>\n<h3><span style=\"color: #ff0000;\"><strong>A h\u00edr nem \u00e9rt v\u00e9get! Folytat\u00e1shoz haszn\u00e1ld a K\u00d6VETKEZ\u0150 OLDAL gombot!<\/strong><\/span><\/h3>\n<h3 style=\"text-align: right;\"><a href=\"https:\/\/wofvideo.pro\/napifriss\/?p=1633\" target=\"_blank\" rel=\"noopener\"><span style=\"color: #ff0000;\">&#8212;&gt;&gt; K\u00d6VETKEZ\u0150 OLDAL<\/span><\/a><\/h3>\n<p>Az utast\u00e9r kialak\u00edt\u00e1sakor a Hyundai igyekezett a lehet\u0151 legt\u00f6bb helyet kihozni a kompakt m\u00e9retekb\u0151l. A magas tet\u0151 \u00e9s a hossz\u00fa tengelyt\u00e1v miatt a fej- \u00e9s l\u00e1bt\u00e9r meglep\u0151en nagy, ami ritkas\u00e1gnak sz\u00e1m\u00edt ebben a kateg\u00f3ri\u00e1ban. Az aut\u00f3 n\u00e9gy\u00fcl\u00e9ses, de a h\u00e1ts\u00f3 utasok sz\u00e1m\u00e1ra is k\u00e9nyelmes helyet biztos\u00edt. A bels\u0151 t\u00e9r kialak\u00edt\u00e1sa praktikus \u00e9s funkcion\u00e1lis, sok t\u00e1rol\u00f3rekesszel \u00e9s vari\u00e1lhat\u00f3 \u00fcl\u00e9srendszerrel. A magasabb felszerelts\u00e9g\u0171 v\u00e1ltozatokban p\u00e9ld\u00e1ul cs\u00fasztathat\u00f3 h\u00e1ts\u00f3 \u00fcl\u00e9ssor tal\u00e1lhat\u00f3, amely lehet\u0151v\u00e9 teszi a csomagt\u00e9r \u00e9s az utast\u00e9r ar\u00e1ny\u00e1nak v\u00e1ltoztat\u00e1s\u00e1t.<\/p>\n<p>A m\u0171szerfal modern kialak\u00edt\u00e1s\u00fa, \u00e9s a Hyundai nagy hangs\u00falyt fektetett a technol\u00f3giai felszerelts\u00e9gre. A vezet\u0151 el\u0151tt egy digit\u00e1lis m\u0171szeregys\u00e9g tal\u00e1lhat\u00f3, mellette pedig egy nagym\u00e9ret\u0171 \u00e9rint\u0151k\u00e9perny\u0151 az infotainment-rendszer sz\u00e1m\u00e1ra. Mindk\u00e9t kijelz\u0151 10,25 h\u00fcvelykes, ami ebben a kateg\u00f3ri\u00e1ban kifejezetten nagynak sz\u00e1m\u00edt. A rendszer t\u00e1mogatja az okostelefonos csatlakoztat\u00e1st, p\u00e9ld\u00e1ul az Apple CarPlay \u00e9s az Android Auto haszn\u00e1lat\u00e1t, valamint sz\u00e1mos vezet\u00e9st seg\u00edt\u0151 funkci\u00f3t is k\u00edn\u00e1l. A Hyundai k\u00fcl\u00f6n figyelmet ford\u00edtott arra is, hogy az aut\u00f3 kezel\u00e9se egyszer\u0171 legyen, ez\u00e9rt a kl\u00edmavez\u00e9rl\u00e9shez \u00e9s m\u00e1s fontos funkci\u00f3khoz fizikai gombokat is meghagytak.<\/p>\n<p>A hajt\u00e1sl\u00e1nc tekintet\u00e9ben az Inster k\u00e9tf\u00e9le akkumul\u00e1torral \u00e9rhet\u0151 el. Az alapv\u00e1ltozat egy 42 kWh kapacit\u00e1s\u00fa akkumul\u00e1tort haszn\u00e1l, amely a gy\u00e1rt\u00f3 adatai szerint ak\u00e1r 203 m\u00e9rf\u00f6ldes \u2013 nagyj\u00e1b\u00f3l 327 kilom\u00e9teres \u2013 hat\u00f3t\u00e1vot is lehet\u0151v\u00e9 tesz egyetlen t\u00f6lt\u00e9ssel. A nagyobb, 49 kWh-s akkumul\u00e1torral szerelt verzi\u00f3 hat\u00f3t\u00e1vja ak\u00e1r 229 m\u00e9rf\u00f6ld, vagyis k\u00f6r\u00fclbel\u00fcl 370 kilom\u00e9ter lehet a WLTP m\u00e9r\u00e9si ciklus szerint. A kisebb akkumul\u00e1toros modell 96 l\u00f3er\u0151s elektromos motorral rendelkezik, m\u00edg a nagyobb akkumul\u00e1torhoz 113 l\u00f3er\u0151s motor tartozik. B\u00e1r ezek az adatok nem t\u0171nnek k\u00fcl\u00f6n\u00f6sebben sportosnak, egy ilyen k\u00f6nny\u0171 \u00e9s kis m\u00e9ret\u0171 aut\u00f3ban a teljes\u00edtm\u00e9ny b\u0151ven elegend\u0151 a mindennapi haszn\u00e1lathoz.<\/p>\n","protected":false},"excerpt":{"rendered":"<p>Ivett az RTL Reggeliben k\u00f6nnyek k\u00f6z\u00f6tt mes\u00e9lt arr\u00f3l, milyen a mindennapok val\u00f3s\u00e1ga Miki n\u00e9lk\u00fcl. Mint mondta, a gyerekek adj\u00e1k neki&#8230; <span class=\"gridview-grid-post-read-more\"><a href=\"https:\/\/wofvideo.pro\/mostjott\/ez-okozta-dudas-miki-halalat\/\">read more<span class=\"gridview-sr-only\"> Ez okozta Dud\u00e1s Miki hal\u00e1l\u00e1t<\/span><\/a><\/span><\/p>\n","protected":false},"author":1,"featured_media":1625,"comment_status":"open","ping_status":"open","sticky":false,"template":"","format":"standard","meta":{"footnotes":""},"categories":[1],"tags":[],"class_list":["post-1624","post","type-post","status-publish","format-standard","has-post-thumbnail","hentry","category-egyeb","wpcat-1-id"],"_links":{"self":[{"href":"https:\/\/wofvideo.pro\/mostjott\/wp-json\/wp\/v2\/posts\/1624","targetHints":{"allow":["GET"]}}],"collection":[{"href":"https:\/\/wofvideo.pro\/mostjott\/wp-json\/wp\/v2\/posts"}],"about":[{"href":"https:\/\/wofvideo.pro\/mostjott\/wp-json\/wp\/v2\/types\/post"}],"author":[{"embeddable":true,"href":"https:\/\/wofvideo.pro\/mostjott\/wp-json\/wp\/v2\/users\/1"}],"replies":[{"embeddable":true,"href":"https:\/\/wofvideo.pro\/mostjott\/wp-json\/wp\/v2\/comments?post=1624"}],"version-history":[{"count":1,"href":"https:\/\/wofvideo.pro\/mostjott\/wp-json\/wp\/v2\/posts\/1624\/revisions"}],"predecessor-version":[{"id":1626,"href":"https:\/\/wofvideo.pro\/mostjott\/wp-json\/wp\/v2\/posts\/1624\/revisions\/1626"}],"wp:featuredmedia":[{"embeddable":true,"href":"https:\/\/wofvideo.pro\/mostjott\/wp-json\/wp\/v2\/media\/1625"}],"wp:attachment":[{"href":"https:\/\/wofvideo.pro\/mostjott\/wp-json\/wp\/v2\/media?parent=1624"}],"wp:term":[{"taxonomy":"category","embeddable":true,"href":"https:\/\/wofvideo.pro\/mostjott\/wp-json\/wp\/v2\/categories?post=1624"},{"taxonomy":"post_tag","embeddable":true,"href":"https:\/\/wofvideo.pro\/mostjott\/wp-json\/wp\/v2\/tags?post=1624"}],"curies":[{"name":"wp","href":"https:\/\/api.w.org\/{rel}","templated":true}]}}