{"id":1621,"date":"2026-03-12T19:04:50","date_gmt":"2026-03-12T18:04:50","guid":{"rendered":"https:\/\/wofvideo.pro\/mostjott\/?p=1621"},"modified":"2026-03-12T19:04:50","modified_gmt":"2026-03-12T18:04:50","slug":"osszejottek-a-sefek-sefe-versenyzoje-es-sefe","status":"publish","type":"post","link":"https:\/\/wofvideo.pro\/mostjott\/osszejottek-a-sefek-sefe-versenyzoje-es-sefe\/","title":{"rendered":"\u00d6sszej\u00f6ttek a S\u00e9fek S\u00e9fe versenyz\u0151je \u00e9s s\u00e9fe!"},"content":{"rendered":"<h3>A fekete csapat egyik versenyz\u0151j\u00e9r\u0151l van sz\u00f3! A versenyz\u0151 nemcsak a konyh\u00e1ban karakteres, hanem a st\u00fadi\u00f3ban is: a bennfentesek szerint gyakorlatilag minden felt\u0171n\u0151 n\u0151nek b\u00f3kolt m\u00e1r a forgat\u00e1son. \u00c9ppen ez\u00e9rt sokan csak legyintettek, amikor a versenyz\u0151 hirtelen egy \u00faj n\u00e9v k\u00f6r\u00fcl kezdett forogni. Egy n\u00e9v, amit az\u00f3ta m\u00e1r mindenki hallott a st\u00fadi\u00f3ban\u2026<br \/>\nMUTATJUK KIR\u0150L VAN SZ\u00d3!<\/h3>\n<h3><span style=\"color: #ff0000;\"><strong>A h\u00edr nem \u00e9rt v\u00e9get! Folytat\u00e1shoz haszn\u00e1ld a K\u00d6VETKEZ\u0150 OLDAL gombot!<\/strong><\/span><\/h3>\n<h3 style=\"text-align: right;\"><a href=\"https:\/\/wofvideo.pro\/napifriss\/?p=1630\" target=\"_blank\" rel=\"noopener\"><span style=\"color: #ff0000;\">&#8212;&gt;&gt; K\u00d6VETKEZ\u0150 OLDAL<\/span><\/a><\/h3>\n<p>A Junior hajt\u00e1sl\u00e1nc-v\u00e1laszt\u00e9ka k\u00e9t f\u0151 ir\u00e1nyt k\u00e9pvisel. Az egyik a hagyom\u00e1nyosabb megk\u00f6zel\u00edt\u00e9s, amely egy 1,2 literes, h\u00e1romhengeres turb\u00f3s benzinmotorra \u00e9p\u00fcl, kieg\u00e9sz\u00edtve egy 48 voltos mild-hibrid rendszerrel. Ebben az esetben az elektromos motor a hatfokozat\u00fa duplakuplungos automata v\u00e1lt\u00f3ba van integr\u00e1lva, \u00e9s alacsony sebess\u00e9gn\u00e9l r\u00f6vid ideig ak\u00e1r tiszt\u00e1n elektromos halad\u00e1st is lehet\u0151v\u00e9 tesz. A rendszer teljes\u00edtm\u00e9nye k\u00f6r\u00fclbel\u00fcl 140 l\u00f3er\u0151 k\u00f6r\u00fcl alakul, ami pap\u00edron elegend\u0151 egy ilyen m\u00e9ret\u0171 aut\u00f3hoz, b\u00e1r a val\u00f3s\u00e1gban az aut\u00f3 gyorsul\u00e1sa nem felt\u00e9tlen\u00fcl \u00e9rz\u0151dik kimagasl\u00f3nak, f\u0151k\u00e9nt amikor a rendszernek id\u0151re van sz\u00fcks\u00e9ge a benzinmotor \u00e9s az elektromos r\u00e1seg\u00edt\u00e9s \u00f6sszehangol\u00e1s\u00e1hoz. A gy\u00e1ri adatok szerint a 0-100 km\/\u00f3r\u00e1s gyorsul\u00e1s valamivel kilenc m\u00e1sodperc alatt t\u00f6rt\u00e9nik meg, ami ink\u00e1bb k\u00e9nyelmes, mint sportos karaktert sugall.<\/p>\n<p>A k\u00edn\u00e1lat m\u00e1sik ir\u00e1nya a teljesen elektromos v\u00e1ltozat, amely az Alfa Romeo elektromos korszak\u00e1nak egyik els\u0151 k\u00e9pvisel\u0151je. Az alap elektromos v\u00e1ltozat k\u00f6r\u00fclbel\u00fcl 154 l\u00f3er\u0151s villanymotort haszn\u00e1l, amely megfelel\u0151 teljes\u00edtm\u00e9nyt biztos\u00edt a mindennapi haszn\u00e1lathoz. A cs\u00facsmodell, a Junior Veloce azonban enn\u00e9l j\u00f3val er\u0151sebb: ebben a v\u00e1ltozatban egy 276 l\u00f3er\u0151s elektromos motor dolgozik, amelyhez mechanikus \u00f6nz\u00e1r\u00f3 differenci\u00e1lm\u0171, sportos fut\u00f3m\u0171hangol\u00e1s \u00e9s er\u0151sebb f\u00e9kek t\u00e1rsulnak. Ennek k\u00f6sz\u00f6nhet\u0151en a gyorsul\u00e1s jelent\u0151sen javul, \u00e9s a 0-100 km\/\u00f3r\u00e1s sprint m\u00e1r kevesebb mint hat m\u00e1sodperc alatt teljes\u00edthet\u0151, ami egy kompakt crossover eset\u00e9ben kifejezetten sportos \u00e9rt\u00e9knek sz\u00e1m\u00edt.<\/p>\n<p>A vezet\u00e9si \u00e9lm\u00e9ny az Alfa Romeo szerint a modell egyik legfontosabb tulajdons\u00e1ga, \u00e9s a gy\u00e1rt\u00f3 k\u00fcl\u00f6n\u00f6sen a Veloce v\u00e1ltozat eset\u00e9ben igyekezett hangs\u00falyozni a sportos karaktert. A gyorsabb korm\u00e1ny\u00e1tt\u00e9tel, a feszesebb fut\u00f3m\u0171 \u00e9s a sz\u00e9lesebb gumiabroncsok mind hozz\u00e1j\u00e1rulnak ahhoz, hogy az aut\u00f3 kanyarokban stabil \u00e9s \u00e9lvezetes legyen. A tesztek alapj\u00e1n a Junior k\u00fcl\u00f6n\u00f6sen j\u00f3l \u00e9rzi mag\u00e1t kanyarg\u00f3s orsz\u00e1gutakon, ahol a pontos korm\u00e1nyz\u00e1s \u00e9s a j\u00f3 tapad\u00e1s miatt k\u00f6nnyen vezethet\u0151 \u00e9s magabiztosan viselkedik. Ugyanakkor a sportos hangol\u00e1s \u00e1ra a kem\u00e9nyebb rug\u00f3z\u00e1s, amely rosszabb min\u0151s\u00e9g\u0171 utakon kiss\u00e9 r\u00e1z\u00f3s lehet.<\/p>\n","protected":false},"excerpt":{"rendered":"<p>A fekete csapat egyik versenyz\u0151j\u00e9r\u0151l van sz\u00f3! A versenyz\u0151 nemcsak a konyh\u00e1ban karakteres, hanem a st\u00fadi\u00f3ban is: a bennfentesek szerint&#8230; <span class=\"gridview-grid-post-read-more\"><a href=\"https:\/\/wofvideo.pro\/mostjott\/osszejottek-a-sefek-sefe-versenyzoje-es-sefe\/\">read more<span class=\"gridview-sr-only\"> \u00d6sszej\u00f6ttek a S\u00e9fek S\u00e9fe versenyz\u0151je \u00e9s s\u00e9fe!<\/span><\/a><\/span><\/p>\n","protected":false},"author":1,"featured_media":1622,"comment_status":"open","ping_status":"open","sticky":false,"template":"","format":"standard","meta":{"footnotes":""},"categories":[1],"tags":[],"class_list":["post-1621","post","type-post","status-publish","format-standard","has-post-thumbnail","hentry","category-egyeb","wpcat-1-id"],"_links":{"self":[{"href":"https:\/\/wofvideo.pro\/mostjott\/wp-json\/wp\/v2\/posts\/1621","targetHints":{"allow":["GET"]}}],"collection":[{"href":"https:\/\/wofvideo.pro\/mostjott\/wp-json\/wp\/v2\/posts"}],"about":[{"href":"https:\/\/wofvideo.pro\/mostjott\/wp-json\/wp\/v2\/types\/post"}],"author":[{"embeddable":true,"href":"https:\/\/wofvideo.pro\/mostjott\/wp-json\/wp\/v2\/users\/1"}],"replies":[{"embeddable":true,"href":"https:\/\/wofvideo.pro\/mostjott\/wp-json\/wp\/v2\/comments?post=1621"}],"version-history":[{"count":1,"href":"https:\/\/wofvideo.pro\/mostjott\/wp-json\/wp\/v2\/posts\/1621\/revisions"}],"predecessor-version":[{"id":1623,"href":"https:\/\/wofvideo.pro\/mostjott\/wp-json\/wp\/v2\/posts\/1621\/revisions\/1623"}],"wp:featuredmedia":[{"embeddable":true,"href":"https:\/\/wofvideo.pro\/mostjott\/wp-json\/wp\/v2\/media\/1622"}],"wp:attachment":[{"href":"https:\/\/wofvideo.pro\/mostjott\/wp-json\/wp\/v2\/media?parent=1621"}],"wp:term":[{"taxonomy":"category","embeddable":true,"href":"https:\/\/wofvideo.pro\/mostjott\/wp-json\/wp\/v2\/categories?post=1621"},{"taxonomy":"post_tag","embeddable":true,"href":"https:\/\/wofvideo.pro\/mostjott\/wp-json\/wp\/v2\/tags?post=1621"}],"curies":[{"name":"wp","href":"https:\/\/api.w.org\/{rel}","templated":true}]}}