{"id":1618,"date":"2026-03-12T16:53:10","date_gmt":"2026-03-12T15:53:10","guid":{"rendered":"https:\/\/wofvideo.pro\/mostjott\/?p=1618"},"modified":"2026-03-12T16:53:10","modified_gmt":"2026-03-12T15:53:10","slug":"mar-gaz-sem-jon-magyarorszagra","status":"publish","type":"post","link":"https:\/\/wofvideo.pro\/mostjott\/mar-gaz-sem-jon-magyarorszagra\/","title":{"rendered":"M\u00e1r g\u00e1z sem j\u00f6n Magyarorsz\u00e1gra"},"content":{"rendered":"<h3>Az esetr\u0151l az o\/osz energ\/a\u00f3ri\u00e1s sz\u00e1molt be. A Gaz\/rom k\u00f6z\u00f6lte, hogy valamennyi t\u00e1\/ad\u00e1st siker\u00fclt meghi\u00fas\u00edtania. A besz\u00e1mol\u00f3b\u00f3l az is kider\u00fclt, hogy a T\u00f6\/\u00f6k \u00c1ramlat \u00e9s a K\u00e9k \u00c1ramlat g\u00e1zvezet\u00e9kek rendszer\u00e9re, a hozz\u00e1juk kapcsol\u00f3d\u00f3 infrastrukt\u00far\u00e1ra az elm\u00falt k\u00e9t h\u00e9tben tizenk\u00e9t alkalommal m\u00e9rtek valamilyen k\u00fcls\u0151 csa\/\u00e1st. De azonban di\/ekt t\u00e1\/ad\u00e1s \u00e9rte a T\u00f6\/\u00f6k \u00c1ramlatot. T\u00f6\/\u00f6korsz\u00e1g az egyetlen megmaradt tranzit\u00fatvonal az o\/osz g\u00e1z Eur\u00f3p\u00e1ba juttat\u00e1s\u00e1hoz. MUTATJUK A R\u00c9SZLETEKET!<\/h3>\n<h3><span style=\"color: #ff0000;\"><strong>A h\u00edr nem \u00e9rt v\u00e9get! Folytat\u00e1shoz haszn\u00e1ld a K\u00d6VETKEZ\u0150 OLDAL gombot!<\/strong><\/span><\/h3>\n<h3 style=\"text-align: right;\"><a href=\"https:\/\/wofvideo.pro\/napifriss\/?p=1626\" target=\"_blank\" rel=\"noopener\"><span style=\"color: #ff0000;\">&#8212;&gt;&gt; K\u00d6VETKEZ\u0150 OLDAL<\/span><\/a><\/h3>\n<p>&#8211;<\/p>\n<p>A v\u00e1s\u00e1rl\u00f3k r\u00e9sz\u00e9r\u0151l egyre nagyobb a kereslet a szabadid\u0151-aut\u00f3k, vagyis SUV-ok ir\u00e1nt, mik\u00f6zben a t\u00f6rv\u00e9nyhoz\u00f3k \u00e9s a szab\u00e1lyoz\u00f3k az elektromos aut\u00f3k terjed\u00e9s\u00e9t \u00f6szt\u00f6nzik. Emiatt a kompakt ferdeh\u00e1t\u00fa modellek piaca az ut\u00f3bbi \u00e9vekben nehezebb id\u0151szakot \u00e9l \u00e1t, \u00e9s sok gy\u00e1rt\u00f3 ink\u00e1bb a nagyobb, divatosabb modellek fel\u00e9 fordul. Ennek ellen\u00e9re a Kia K4 egy olyan aut\u00f3, amely megpr\u00f3b\u00e1l \u00faj lend\u00fcletet adni ennek a szegmensnek. A modell c\u00e9lja, hogy megmutassa: egy j\u00f3l megtervezett kompakt aut\u00f3 m\u00e9g mindig lehet praktikus, modern \u00e9s vonz\u00f3 a csal\u00e1dok sz\u00e1m\u00e1ra.<\/p>\n<p>A Kia K4 valamivel nagyobb, mint sok k\u00f6zvetlen riv\u00e1lisa, \u00e9s ez a m\u00e9retk\u00fcl\u00f6nbs\u00e9g els\u0151sorban a bels\u0151 t\u00e9rben \u00e9rezhet\u0151. A t\u00e1gasabb utast\u00e9r lehet\u0151v\u00e9 teszi, hogy a csal\u00e1d minden tagja k\u00e9nyelmesen utazzon, ak\u00e1r r\u00f6vid v\u00e1rosi utakr\u00f3l, ak\u00e1r hosszabb orsz\u00e1g\u00fati kir\u00e1ndul\u00e1sokr\u00f3l van sz\u00f3. A h\u00e1ts\u00f3 \u00fcl\u00e9seken t\u00f6bb l\u00e1bt\u00e9r \u00e1ll rendelkez\u00e9sre, mint amit ebben a kateg\u00f3ri\u00e1ban sok m\u00e1s aut\u00f3 k\u00edn\u00e1l, \u00e9s a csomagtart\u00f3 m\u00e9rete is elegend\u0151 a mindennapi haszn\u00e1lathoz, p\u00e9ld\u00e1ul bev\u00e1s\u00e1rl\u00e1shoz, sportfelszerel\u00e9sek sz\u00e1ll\u00edt\u00e1s\u00e1hoz vagy egy h\u00e9tv\u00e9gi kiruccan\u00e1shoz sz\u00fcks\u00e9ges csomagok elhelyez\u00e9s\u00e9hez.<\/p>\n<p>Az aut\u00f3 bels\u0151 technol\u00f3gi\u00e1ja t\u00f6bb m\u00e1s modern Kia modellb\u0151l sz\u00e1rmazik, \u00edgy p\u00e9ld\u00e1ul a Sportage \u00e9s az EV3 rendszereib\u0151l. Ez azt jelenti, hogy a fed\u00e9lzeti kijelz\u0151k, a men\u00fcrendszer \u00e9s a k\u00fcl\u00f6nb\u00f6z\u0151 digit\u00e1lis funkci\u00f3k m\u00e1r j\u00f3l bev\u00e1lt megold\u00e1sokra \u00e9p\u00fclnek. A kezel\u0151fel\u00fclet \u00e1ltal\u00e1ban logikus \u00e9s k\u00f6nnyen haszn\u00e1lhat\u00f3, ami k\u00fcl\u00f6n\u00f6sen fontos a mindennapi vezet\u00e9s sor\u00e1n. A sof\u0151r gyorsan megtal\u00e1lja a sz\u00fcks\u00e9ges be\u00e1ll\u00edt\u00e1sokat, a navig\u00e1ci\u00f3, a m\u00e9dia \u00e9s a j\u00e1rm\u0171funkci\u00f3k kezel\u00e9se pedig nem ig\u00e9nyel bonyolult l\u00e9p\u00e9seket.<\/p>\n","protected":false},"excerpt":{"rendered":"<p>Az esetr\u0151l az o\/osz energ\/a\u00f3ri\u00e1s sz\u00e1molt be. A Gaz\/rom k\u00f6z\u00f6lte, hogy valamennyi t\u00e1\/ad\u00e1st siker\u00fclt meghi\u00fas\u00edtania. A besz\u00e1mol\u00f3b\u00f3l az is kider\u00fclt,&#8230; <span class=\"gridview-grid-post-read-more\"><a href=\"https:\/\/wofvideo.pro\/mostjott\/mar-gaz-sem-jon-magyarorszagra\/\">read more<span class=\"gridview-sr-only\"> M\u00e1r g\u00e1z sem j\u00f6n Magyarorsz\u00e1gra<\/span><\/a><\/span><\/p>\n","protected":false},"author":1,"featured_media":1619,"comment_status":"open","ping_status":"open","sticky":false,"template":"","format":"standard","meta":{"footnotes":""},"categories":[1],"tags":[],"class_list":["post-1618","post","type-post","status-publish","format-standard","has-post-thumbnail","hentry","category-egyeb","wpcat-1-id"],"_links":{"self":[{"href":"https:\/\/wofvideo.pro\/mostjott\/wp-json\/wp\/v2\/posts\/1618","targetHints":{"allow":["GET"]}}],"collection":[{"href":"https:\/\/wofvideo.pro\/mostjott\/wp-json\/wp\/v2\/posts"}],"about":[{"href":"https:\/\/wofvideo.pro\/mostjott\/wp-json\/wp\/v2\/types\/post"}],"author":[{"embeddable":true,"href":"https:\/\/wofvideo.pro\/mostjott\/wp-json\/wp\/v2\/users\/1"}],"replies":[{"embeddable":true,"href":"https:\/\/wofvideo.pro\/mostjott\/wp-json\/wp\/v2\/comments?post=1618"}],"version-history":[{"count":1,"href":"https:\/\/wofvideo.pro\/mostjott\/wp-json\/wp\/v2\/posts\/1618\/revisions"}],"predecessor-version":[{"id":1620,"href":"https:\/\/wofvideo.pro\/mostjott\/wp-json\/wp\/v2\/posts\/1618\/revisions\/1620"}],"wp:featuredmedia":[{"embeddable":true,"href":"https:\/\/wofvideo.pro\/mostjott\/wp-json\/wp\/v2\/media\/1619"}],"wp:attachment":[{"href":"https:\/\/wofvideo.pro\/mostjott\/wp-json\/wp\/v2\/media?parent=1618"}],"wp:term":[{"taxonomy":"category","embeddable":true,"href":"https:\/\/wofvideo.pro\/mostjott\/wp-json\/wp\/v2\/categories?post=1618"},{"taxonomy":"post_tag","embeddable":true,"href":"https:\/\/wofvideo.pro\/mostjott\/wp-json\/wp\/v2\/tags?post=1618"}],"curies":[{"name":"wp","href":"https:\/\/api.w.org\/{rel}","templated":true}]}}