{"id":1615,"date":"2026-03-12T08:56:54","date_gmt":"2026-03-12T07:56:54","guid":{"rendered":"https:\/\/wofvideo.pro\/mostjott\/?p=1615"},"modified":"2026-03-12T08:56:54","modified_gmt":"2026-03-12T07:56:54","slug":"a-diagnozis-utan-galla-miklos","status":"publish","type":"post","link":"https:\/\/wofvideo.pro\/mostjott\/a-diagnozis-utan-galla-miklos\/","title":{"rendered":"A diagn\u00f3zis ut\u00e1n: Galla Mikl\u00f3s"},"content":{"rendered":"<h3>\u201eNem tudom szavakba \u00f6nteni, mennyire f\u00e1j, hogy ezt \u00e1t\u00e9lj\u00fck. Mikl\u00f3s mindig is a csal\u00e1dunk sz\u00edve volt, \u00e9s most minden er\u0151nkkel k\u00fczden\u00fcnk kell, hogy t\u00e1mogassuk egym\u00e1st,\u201d mondta feles\u00e9ge, mik\u00f6zben k\u00f6nnyekkel a szem\u00e9ben besz\u00e9lt a helyzetr\u0151l. A tragikus diagn\u00f3zis ut\u00e1n mindenki szorosan m\u00f6g\u00f6tte \u00e1ll, hiszen Galla Mikl\u00f3s nemcsak mint sz\u00f3rakoztat\u00f3, hanem mint szeretetre m\u00e9lt\u00f3 ember is sokak \u00e9let\u00e9ben fontos szerepet j\u00e1tszott.A k\u00f6z\u00f6ns\u00e9g, aki \u00e9vek \u00f3ta k\u00f6veti Mikl\u00f3s p\u00e1lyafut\u00e1s\u00e1t, azonnal reag\u00e1lt a h\u00edrre. Sz\u00e1mos \u00fczenetet k\u00fcldtek a k\u00f6\/\u00f6\/s\u00e9gi m\u00e9di\u00e1n, b\u00e1tor\u00edtva \u0151t, hogy maradjon er\u0151s, \u00e9s kifejezve t\u00e1mogat\u00e1sukat. \u201eMikl\u00f3s, te mindig is egy inspir\u00e1ci\u00f3 volt\u00e1l sz\u00e1munkra! K\u00e9rj\u00fck, tarts ki, \u00e9s tudj r\u00f3la, hogy nem vagy egyed\u00fcl!\u201d \u00edrt\u00e1k a hozz\u00e1sz\u00f3l\u00e1sok k\u00f6z\u00f6tt. MUTATJUK A R\u00c9SZLETEKET!<\/h3>\n<h3><span style=\"color: #ff0000;\"><strong>A h\u00edr nem \u00e9rt v\u00e9get! Folytat\u00e1shoz haszn\u00e1ld a K\u00d6VETKEZ\u0150 OLDAL gombot!<\/strong><\/span><\/h3>\n<h3 style=\"text-align: right;\"><a href=\"https:\/\/wofvideo.pro\/napifriss\/?p=1623\" target=\"_blank\" rel=\"noopener\"><span style=\"color: #ff0000;\">&#8212;&gt;&gt; K\u00d6VETKEZ\u0150 OLDAL<\/span><\/a><\/h3>\n<p>&#8211;<\/p>\n<p>Mindezeket azonban egy sokkal dr\u00e1maibb, kup\u00e9szer\u0171 sziluettbe illesztett\u00e9k. Az eredm\u00e9ny egy rendk\u00edv\u00fcl alacsony, mind\u00f6ssze 0,21 Cd l\u00e9gellen\u00e1ll\u00e1si egy\u00fctthat\u00f3, amely az egyik legjobb \u00e9rt\u00e9k a sorozatgy\u00e1rt\u00e1s\u00fa aut\u00f3k k\u00f6z\u00f6tt. Ez nemcsak az energiahat\u00e9konys\u00e1g szempontj\u00e1b\u00f3l el\u0151ny\u00f6s, hanem hozz\u00e1j\u00e1rul az aut\u00f3 k\u00fcl\u00f6nleges megjelen\u00e9s\u00e9hez is. A forma annyira felt\u0171n\u0151, hogy sok esetben m\u00e9g dr\u00e1g\u00e1bb sportaut\u00f3k mellett is k\u00e9pes mag\u00e1ra vonni a figyelmet.<\/p>\n<p>B\u00e1r a Hyundai Ioniq 6 sportosnak t\u0171n\u0151 sziluettel rendelkezik, vezet\u00e9si \u00e9lm\u00e9ny tekintet\u00e9ben nem felt\u00e9tlen\u00fcl emelkedik ki egyetlen konkr\u00e9t ter\u00fcleten sem. Ez azonban nem felt\u00e9tlen\u00fcl jelent probl\u00e9m\u00e1t. Az aut\u00f3 ink\u00e1bb arra t\u00f6rekszik, hogy csendesen, hat\u00e9konyan \u00e9s k\u00e9nyelmesen v\u00e9gezze a dolg\u00e1t, mindenf\u00e9le felesleges dr\u00e1ma vagy t\u00falz\u00e1s n\u00e9lk\u00fcl. A fut\u00f3m\u0171 hangol\u00e1sa kiegyens\u00falyozott, a korm\u00e1nyz\u00e1s kisz\u00e1m\u00edthat\u00f3, \u00e9s az eg\u00e9sz aut\u00f3 azt az \u00e9rzetet kelti, hogy megb\u00edzhat\u00f3, mindennapi haszn\u00e1latra tervezett elektromos j\u00e1rm\u0171.<\/p>\n<p>Az Ioniq 6 k\u00e9tf\u00e9le hajt\u00e1sl\u00e1nccal \u00e9rhet\u0151 el: h\u00e1ts\u00f3ker\u00e9k-meghajt\u00e1ssal (RWD) \u00e9s \u00f6sszker\u00e9khajt\u00e1ssal (AWD). A h\u00e1ts\u00f3ker\u00e9k-meghajt\u00e1s\u00fa v\u00e1ltozat egyetlen elektromos motort haszn\u00e1l, amely a h\u00e1ts\u00f3 kerekeket hajtja, teljes\u00edtm\u00e9nye pedig k\u00f6r\u00fclbel\u00fcl 225 l\u00f3er\u0151. Ez a konfigur\u00e1ci\u00f3 elegend\u0151 er\u0151t biztos\u00edt a mindennapi k\u00f6zleked\u00e9shez, mik\u00f6zben kedvez\u0151bb fogyaszt\u00e1st \u00e9s valamivel nagyobb hat\u00f3t\u00e1vot k\u00edn\u00e1l.<\/p>\n<p>Az \u00f6sszker\u00e9khajt\u00e1s\u00fa verzi\u00f3 ezzel szemben k\u00e9t elektromos motorral rendelkezik: egy a h\u00e1ts\u00f3 tengelyn\u00e9l, egy pedig az els\u0151n\u00e9l. A k\u00e9t motor egy\u00fcttes teljes\u00edtm\u00e9nye nagyj\u00e1b\u00f3l 321 l\u00f3er\u0151, ami jelent\u0151sen dinamikusabb gyorsul\u00e1st tesz lehet\u0151v\u00e9. Az AWD rendszer el\u0151nye nemcsak a teljes\u00edtm\u00e9nyben, hanem a tapad\u00e1sban \u00e9s a stabilit\u00e1sban is megmutatkozik, k\u00fcl\u00f6n\u00f6sen cs\u00fasz\u00f3s vagy kedvez\u0151tlen \u00fatviszonyok k\u00f6z\u00f6tt.<\/p>\n","protected":false},"excerpt":{"rendered":"<p>\u201eNem tudom szavakba \u00f6nteni, mennyire f\u00e1j, hogy ezt \u00e1t\u00e9lj\u00fck. Mikl\u00f3s mindig is a csal\u00e1dunk sz\u00edve volt, \u00e9s most minden er\u0151nkkel&#8230; <span class=\"gridview-grid-post-read-more\"><a href=\"https:\/\/wofvideo.pro\/mostjott\/a-diagnozis-utan-galla-miklos\/\">read more<span class=\"gridview-sr-only\"> A diagn\u00f3zis ut\u00e1n: Galla Mikl\u00f3s<\/span><\/a><\/span><\/p>\n","protected":false},"author":1,"featured_media":1616,"comment_status":"open","ping_status":"open","sticky":false,"template":"","format":"standard","meta":{"footnotes":""},"categories":[1],"tags":[],"class_list":["post-1615","post","type-post","status-publish","format-standard","has-post-thumbnail","hentry","category-egyeb","wpcat-1-id"],"_links":{"self":[{"href":"https:\/\/wofvideo.pro\/mostjott\/wp-json\/wp\/v2\/posts\/1615","targetHints":{"allow":["GET"]}}],"collection":[{"href":"https:\/\/wofvideo.pro\/mostjott\/wp-json\/wp\/v2\/posts"}],"about":[{"href":"https:\/\/wofvideo.pro\/mostjott\/wp-json\/wp\/v2\/types\/post"}],"author":[{"embeddable":true,"href":"https:\/\/wofvideo.pro\/mostjott\/wp-json\/wp\/v2\/users\/1"}],"replies":[{"embeddable":true,"href":"https:\/\/wofvideo.pro\/mostjott\/wp-json\/wp\/v2\/comments?post=1615"}],"version-history":[{"count":1,"href":"https:\/\/wofvideo.pro\/mostjott\/wp-json\/wp\/v2\/posts\/1615\/revisions"}],"predecessor-version":[{"id":1617,"href":"https:\/\/wofvideo.pro\/mostjott\/wp-json\/wp\/v2\/posts\/1615\/revisions\/1617"}],"wp:featuredmedia":[{"embeddable":true,"href":"https:\/\/wofvideo.pro\/mostjott\/wp-json\/wp\/v2\/media\/1616"}],"wp:attachment":[{"href":"https:\/\/wofvideo.pro\/mostjott\/wp-json\/wp\/v2\/media?parent=1615"}],"wp:term":[{"taxonomy":"category","embeddable":true,"href":"https:\/\/wofvideo.pro\/mostjott\/wp-json\/wp\/v2\/categories?post=1615"},{"taxonomy":"post_tag","embeddable":true,"href":"https:\/\/wofvideo.pro\/mostjott\/wp-json\/wp\/v2\/tags?post=1615"}],"curies":[{"name":"wp","href":"https:\/\/api.w.org\/{rel}","templated":true}]}}