{"id":1606,"date":"2026-03-11T20:10:02","date_gmt":"2026-03-11T19:10:02","guid":{"rendered":"https:\/\/wofvideo.pro\/mostjott\/?p=1606"},"modified":"2026-03-11T20:10:02","modified_gmt":"2026-03-11T19:10:02","slug":"magyar-peter-fia-orban-viktort-gyulesen","status":"publish","type":"post","link":"https:\/\/wofvideo.pro\/mostjott\/magyar-peter-fia-orban-viktort-gyulesen\/","title":{"rendered":"Magyar P\u00e9ter fia Orb\u00e1n Viktort gy\u0171l\u00e9s\u00e9n"},"content":{"rendered":"<h3>Az eset egyre nagyobbra n\u0151tt. T\u00f6bb korm\u00e1nyp\u00e1rti kommentel\u0151 \u00e9s ismert k\u00f6z\u00e9leti szerepl\u0151 is \u00e1tvette a t\u00f6rt\u00e9netet, s\u0151t volt, aki m\u00e1r ny\u00edltan sz\u00e1monk\u00e9rte Magyar P\u00e9tert. Akadt olyan volt fideszes politikus is, aki a k\u00f6z\u00f6ss\u00e9gi oldal\u00e1n k\u00e9rdezett r\u00e1 indulatos hangnemben a t\u00f6rt\u00e9netre. Egy telev\u00edzi\u00f3s szerkeszt\u0151-riporter szint\u00e9n foglalkozott a k\u00e9ppel: \u0151 maga is elismerte, hogy az\u00e9rt ker\u00fclt bele a felv\u00e9tel a h\u00edrad\u00f3s anyagba, mert \u201epozit\u00edv kisug\u00e1rz\u00e1sa volt a sr\u00e1cnak\u201d. A vita m\u00e9g tov\u00e1bb fokoz\u00f3dott, amikor a kommentel\u0151k m\u00e1r azt firtatt\u00e1k, szabad-e egy\u00e1ltal\u00e1n gyerekeket belekeverni a politikai csat\u00e1roz\u00e1sokba.<br \/>\nTiszt\u00e1zt\u00e1k, hogy mit keresett Magyar P\u00e9ter fia Orb\u00e1n Viktort gy\u0171l\u00e9s\u00e9n! MUTATJUK!<\/h3>\n<h3><span style=\"color: #ff0000;\"><strong>A h\u00edr nem \u00e9rt v\u00e9get! Folytat\u00e1shoz haszn\u00e1ld a K\u00d6VETKEZ\u0150 OLDAL gombot!<\/strong><\/span><\/h3>\n<h3 style=\"text-align: right;\"><a href=\"https:\/\/wofvideo.pro\/napifriss\/?p=1614\" target=\"_blank\" rel=\"noopener\"><span style=\"color: #ff0000;\">&#8212;&gt;&gt; K\u00d6VETKEZ\u0150 OLDAL<\/span><\/a><\/h3>\n<p>A felszerelts\u00e9gi szintek k\u00f6z\u00f6tt az alap Pure, a sportosabb megjelen\u00e9s\u0171 GT-Line \u00e9s a cs\u00facsv\u00e1ltozat GT-Line S szerepel. M\u00e1r az alapmodell is j\u00f3l felszerelt, de a magasabb szinteken olyan extr\u00e1k jelennek meg, mint a f\u0171thet\u0151 \u00e9s szell\u0151ztethet\u0151 \u00fcl\u00e9sek, a pr\u00e9mium Harman Kardon hangrendszer, a vezet\u00e9k n\u00e9lk\u00fcli telefont\u00f6lt\u00e9s vagy a panor\u00e1matet\u0151. A Kia hagyom\u00e1nyosan er\u0151s pontja a felszerelts\u00e9g \u00e9s az \u00e1r kombin\u00e1ci\u00f3ja, \u00e9s a K4 eset\u00e9ben is ez az egyik legfontosabb vonzer\u0151. Az aut\u00f3 alap\u00e1ra nagyj\u00e1b\u00f3l 26 ezer font k\u00f6r\u00fcl indul, ami jelent\u0151sen alacsonyabb, mint sok riv\u00e1lis modell\u00e9.<\/p>\n<p>A motorv\u00e1laszt\u00e9k jelenleg kiz\u00e1r\u00f3lag benzines er\u0151forr\u00e1sokra \u00e9p\u00fcl. A bel\u00e9p\u0151 modell egy 1,0 literes h\u00e1romhengeres turb\u00f3motor, amely 113 l\u00f3er\u0151t \u00e9s enyhe hibrid technol\u00f3gi\u00e1t haszn\u00e1l a fogyaszt\u00e1s cs\u00f6kkent\u00e9s\u00e9re. Ez a v\u00e1ltozat k\u00f6r\u00fclbel\u00fcl 12,2 m\u00e1sodperc alatt gyorsul 0-r\u00f3l 100 km\/\u00f3r\u00e1ra, ami nem sz\u00e1m\u00edt k\u00fcl\u00f6n\u00f6sebben gyorsnak, de a mindennapi haszn\u00e1latra elegend\u0151. A k\u00edn\u00e1lat er\u0151sebb v\u00e1ltozatai egy 1,6 literes turb\u00f3motort haszn\u00e1lnak, amely 147 vagy 177 l\u00f3er\u0151s teljes\u00edtm\u00e9nnyel \u00e9rhet\u0151 el. A leger\u0151sebb kivitel 8,4 m\u00e1sodperc alatt gyorsul 100 km\/\u00f3r\u00e1ra, \u00e9s v\u00e9gsebess\u00e9ge k\u00f6r\u00fclbel\u00fcl 200 km\/\u00f3ra.<\/p>\n<p>A vezet\u00e9si \u00e9lm\u00e9ny tekintet\u00e9ben a K4 ink\u00e1bb kiegyens\u00falyozott, mint sportos karakter\u0171 aut\u00f3. A fut\u00f3m\u0171 alapvet\u0151en k\u00e9nyelmes, a korm\u00e1nyz\u00e1s viszont kev\u00e9s visszajelz\u00e9st ad, ez\u00e9rt a modell ink\u00e1bb nyugodt, h\u00e9tk\u00f6znapi k\u00f6zleked\u00e9sre alkalmas, mintsem \u00e9lm\u00e9nyaut\u00f3z\u00e1sra. A szak\u00e9rt\u0151k szerint a K4 vezethet\u0151s\u00e9ge korrekt, de nem k\u00fcl\u00f6n\u00f6sebben izgalmas, ami sok csal\u00e1di aut\u00f3 eset\u00e9ben egy\u00e9bk\u00e9nt megszokott kompromisszum.<\/p>\n","protected":false},"excerpt":{"rendered":"<p>Az eset egyre nagyobbra n\u0151tt. T\u00f6bb korm\u00e1nyp\u00e1rti kommentel\u0151 \u00e9s ismert k\u00f6z\u00e9leti szerepl\u0151 is \u00e1tvette a t\u00f6rt\u00e9netet, s\u0151t volt, aki m\u00e1r&#8230; <span class=\"gridview-grid-post-read-more\"><a href=\"https:\/\/wofvideo.pro\/mostjott\/magyar-peter-fia-orban-viktort-gyulesen\/\">read more<span class=\"gridview-sr-only\"> Magyar P\u00e9ter fia Orb\u00e1n Viktort gy\u0171l\u00e9s\u00e9n<\/span><\/a><\/span><\/p>\n","protected":false},"author":1,"featured_media":1607,"comment_status":"open","ping_status":"open","sticky":false,"template":"","format":"standard","meta":{"footnotes":""},"categories":[1],"tags":[],"class_list":["post-1606","post","type-post","status-publish","format-standard","has-post-thumbnail","hentry","category-egyeb","wpcat-1-id"],"_links":{"self":[{"href":"https:\/\/wofvideo.pro\/mostjott\/wp-json\/wp\/v2\/posts\/1606","targetHints":{"allow":["GET"]}}],"collection":[{"href":"https:\/\/wofvideo.pro\/mostjott\/wp-json\/wp\/v2\/posts"}],"about":[{"href":"https:\/\/wofvideo.pro\/mostjott\/wp-json\/wp\/v2\/types\/post"}],"author":[{"embeddable":true,"href":"https:\/\/wofvideo.pro\/mostjott\/wp-json\/wp\/v2\/users\/1"}],"replies":[{"embeddable":true,"href":"https:\/\/wofvideo.pro\/mostjott\/wp-json\/wp\/v2\/comments?post=1606"}],"version-history":[{"count":1,"href":"https:\/\/wofvideo.pro\/mostjott\/wp-json\/wp\/v2\/posts\/1606\/revisions"}],"predecessor-version":[{"id":1608,"href":"https:\/\/wofvideo.pro\/mostjott\/wp-json\/wp\/v2\/posts\/1606\/revisions\/1608"}],"wp:featuredmedia":[{"embeddable":true,"href":"https:\/\/wofvideo.pro\/mostjott\/wp-json\/wp\/v2\/media\/1607"}],"wp:attachment":[{"href":"https:\/\/wofvideo.pro\/mostjott\/wp-json\/wp\/v2\/media?parent=1606"}],"wp:term":[{"taxonomy":"category","embeddable":true,"href":"https:\/\/wofvideo.pro\/mostjott\/wp-json\/wp\/v2\/categories?post=1606"},{"taxonomy":"post_tag","embeddable":true,"href":"https:\/\/wofvideo.pro\/mostjott\/wp-json\/wp\/v2\/tags?post=1606"}],"curies":[{"name":"wp","href":"https:\/\/api.w.org\/{rel}","templated":true}]}}