{"id":1603,"date":"2026-03-11T20:03:11","date_gmt":"2026-03-11T19:03:11","guid":{"rendered":"https:\/\/wofvideo.pro\/mostjott\/?p=1603"},"modified":"2026-03-11T20:03:11","modified_gmt":"2026-03-11T19:03:11","slug":"itt-csapnak-le-zaporok-zivatarok","status":"publish","type":"post","link":"https:\/\/wofvideo.pro\/mostjott\/itt-csapnak-le-zaporok-zivatarok\/","title":{"rendered":"Itt csapnak le z\u00e1porok, zivatarok"},"content":{"rendered":"<h3>Az Id\u0151k\u00e9p id\u0151j\u00e1r\u00e1s el\u0151rejelz\u00e9se szerint cs\u00fct\u00f6rt\u00f6k\u00f6n a napos id\u0151szakok mellett er\u0151s lesz a gomolyfelh\u0151-k\u00e9pz\u0151d\u00e9s, \u00e9s z\u00e1porok, zivatarok sz\u00f3rv\u00e1nyosan el\u0151fordulhatnak a r\u00e9gi\u00f3ban. A d\u00e9li-d\u00e9lnyugati sz\u00e9l m\u00e9rs\u00e9kelt marad, de zivatarfelh\u0151k k\u00f6rnyezet\u00e9ben el\u0151fordulhatnak \u00e9l\u00e9nk, er\u0151s l\u00f6k\u00e9sek. Kora reggel 6, d\u00e9lut\u00e1n pedig 18 fok k\u00f6r\u00fcl alakul a h\u0151m\u00e9rs\u00e9klet.\u00a0 P\u00e9nteken keleten der\u00fclt lesz az \u00e9g, m\u00e1shol is sok lesz a naps\u00fct\u00e9s, de id\u0151nk\u00e9nt megn\u00f6vekedhet a f\u00e1tyol- \u00e9s gomolyfelh\u0151zet.<\/h3>\n<h3><span style=\"color: #ff0000;\"><strong>A h\u00edr nem \u00e9rt v\u00e9get! Folytat\u00e1shoz haszn\u00e1ld a K\u00d6VETKEZ\u0150 OLDAL gombot!<\/strong><\/span><\/h3>\n<h3 style=\"text-align: right;\"><a href=\"https:\/\/wofvideo.pro\/napifriss\/?p=1611\" target=\"_blank\" rel=\"noopener\"><span style=\"color: #ff0000;\">&#8212;&gt;&gt; K\u00d6VETKEZ\u0150 OLDAL<\/span><\/a><\/h3>\n<p>&#8211;<\/p>\n<p>A Hyundai i30 \u00e9letciklus\u00e1nak k\u00e9s\u0151i szakasz\u00e1ban a motorv\u00e1laszt\u00e9k jelent\u0151sen leegyszer\u0171s\u00f6d\u00f6tt, \u00e9s m\u00e1ra mind\u00f6ssze egyetlen benzines er\u0151forr\u00e1s maradt a k\u00edn\u00e1latban. Ez az 1,5 literes T-GDi motor egy turb\u00f3felt\u00f6lt\u0151s, n\u00e9gyhengeres egys\u00e9g, amelyet enyhe hibrid technol\u00f3gi\u00e1val eg\u00e9sz\u00edtettek ki. A rendszer c\u00e9lja els\u0151sorban az \u00fczemanyag-fogyaszt\u00e1s cs\u00f6kkent\u00e9se \u00e9s a motor m\u0171k\u00f6d\u00e9s\u00e9nek finom\u00edt\u00e1sa. A kombin\u00e1ci\u00f3 138 l\u00f3er\u0151s teljes\u00edtm\u00e9nyt \u00e9s 253 Nm nyomat\u00e9kot biztos\u00edt, amely mind a ferdeh\u00e1t\u00fa, mind a kombi v\u00e1ltozatban rendelkez\u00e9sre \u00e1ll. A kombi modell azonban valamivel nehezebb, ez\u00e9rt minim\u00e1lisan lassabb gyorsul\u00e1si \u00e9rt\u00e9keket produk\u00e1l.<\/p>\n<p>A gy\u00e1rt\u00f3 adatai szerint a ferdeh\u00e1t\u00fa Hyundai i30 0\u2013100 km\/\u00f3r\u00e1s gyorsul\u00e1sa k\u00f6r\u00fclbel\u00fcl 9,6 m\u00e1sodperc, ha az alapfelszerelts\u00e9g r\u00e9sz\u00e9t k\u00e9pez\u0151 \u00f6tfokozat\u00fa k\u00e9zi sebess\u00e9gv\u00e1lt\u00f3val szerelik. A kombi v\u00e1ltozat eset\u00e9ben ugyanez az \u00e9rt\u00e9k 9,8 m\u00e1sodpercre n\u0151. Amennyiben a v\u00e1s\u00e1rl\u00f3 a h\u00e9tfokozat\u00fa duplakuplungos automata v\u00e1lt\u00f3t v\u00e1lasztja, akkor ezek az id\u0151k kiss\u00e9 m\u00f3dosulnak: a ferdeh\u00e1t\u00fa modell 9,7 m\u00e1sodperc alatt \u00e9ri el a 100 km\/\u00f3r\u00e1t, m\u00edg a kombi v\u00e1ltozat k\u00f6r\u00fclbel\u00fcl 9,9 m\u00e1sodperc alatt teljes\u00edti ugyanezt a sprintet.<\/p>\n<p>M\u00e1s sz\u00f3val, az i30 jelenlegi k\u00edn\u00e1lat\u00e1ban nincs kifejezetten sportos vagy kiemelked\u0151en gyors v\u00e1ltozat. A kor\u00e1bban el\u00e9rhet\u0151 nagy teljes\u00edtm\u00e9ny\u0171 i30 N modell gy\u00e1rt\u00e1sa m\u00e1r megsz\u0171nt, \u00edgy a jelenlegi modellpaletta ink\u00e1bb a kiegyens\u00falyozott mindennapi haszn\u00e1latra koncentr\u00e1l.<\/p>\n","protected":false},"excerpt":{"rendered":"<p>Az Id\u0151k\u00e9p id\u0151j\u00e1r\u00e1s el\u0151rejelz\u00e9se szerint cs\u00fct\u00f6rt\u00f6k\u00f6n a napos id\u0151szakok mellett er\u0151s lesz a gomolyfelh\u0151-k\u00e9pz\u0151d\u00e9s, \u00e9s z\u00e1porok, zivatarok sz\u00f3rv\u00e1nyosan el\u0151fordulhatnak a&#8230; <span class=\"gridview-grid-post-read-more\"><a href=\"https:\/\/wofvideo.pro\/mostjott\/itt-csapnak-le-zaporok-zivatarok\/\">read more<span class=\"gridview-sr-only\"> Itt csapnak le z\u00e1porok, zivatarok<\/span><\/a><\/span><\/p>\n","protected":false},"author":1,"featured_media":1604,"comment_status":"open","ping_status":"open","sticky":false,"template":"","format":"standard","meta":{"footnotes":""},"categories":[1],"tags":[],"class_list":["post-1603","post","type-post","status-publish","format-standard","has-post-thumbnail","hentry","category-egyeb","wpcat-1-id"],"_links":{"self":[{"href":"https:\/\/wofvideo.pro\/mostjott\/wp-json\/wp\/v2\/posts\/1603","targetHints":{"allow":["GET"]}}],"collection":[{"href":"https:\/\/wofvideo.pro\/mostjott\/wp-json\/wp\/v2\/posts"}],"about":[{"href":"https:\/\/wofvideo.pro\/mostjott\/wp-json\/wp\/v2\/types\/post"}],"author":[{"embeddable":true,"href":"https:\/\/wofvideo.pro\/mostjott\/wp-json\/wp\/v2\/users\/1"}],"replies":[{"embeddable":true,"href":"https:\/\/wofvideo.pro\/mostjott\/wp-json\/wp\/v2\/comments?post=1603"}],"version-history":[{"count":1,"href":"https:\/\/wofvideo.pro\/mostjott\/wp-json\/wp\/v2\/posts\/1603\/revisions"}],"predecessor-version":[{"id":1605,"href":"https:\/\/wofvideo.pro\/mostjott\/wp-json\/wp\/v2\/posts\/1603\/revisions\/1605"}],"wp:featuredmedia":[{"embeddable":true,"href":"https:\/\/wofvideo.pro\/mostjott\/wp-json\/wp\/v2\/media\/1604"}],"wp:attachment":[{"href":"https:\/\/wofvideo.pro\/mostjott\/wp-json\/wp\/v2\/media?parent=1603"}],"wp:term":[{"taxonomy":"category","embeddable":true,"href":"https:\/\/wofvideo.pro\/mostjott\/wp-json\/wp\/v2\/categories?post=1603"},{"taxonomy":"post_tag","embeddable":true,"href":"https:\/\/wofvideo.pro\/mostjott\/wp-json\/wp\/v2\/tags?post=1603"}],"curies":[{"name":"wp","href":"https:\/\/api.w.org\/{rel}","templated":true}]}}