{"id":1597,"date":"2026-03-11T08:48:28","date_gmt":"2026-03-11T07:48:28","guid":{"rendered":"https:\/\/wofvideo.pro\/mostjott\/?p=1597"},"modified":"2026-03-11T08:48:28","modified_gmt":"2026-03-11T07:48:28","slug":"flipper-ocsi-viki-vegre-megtorte-a-csendet","status":"publish","type":"post","link":"https:\/\/wofvideo.pro\/mostjott\/flipper-ocsi-viki-vegre-megtorte-a-csendet\/","title":{"rendered":"Flipper \u00d6csi: Viki V\u00c9GRE megt\u00f6rte a csendet"},"content":{"rendered":"<h3>Az el\u0151ad\u00f3 eml\u00e9kezett azokra a boldog pillanatokra, amikor \u00d6csi a sz\u00ednpadon \u00e1llt, \u00e9s boldogs\u00e1got hozott a k\u00f6z\u00f6ns\u00e9gnek. \u201e\u0150 mindig a nevet\u00e9s \u00e9s a zene forr\u00e1sa volt. Az, hogy ilyen hamar el kellett \u0151t engedn\u00fcnk, teljess\u00e9ggel felfoghatatlan sz\u00e1momra,\u201d tette hozz\u00e1. Viki ny\u00edltan besz\u00e9lt a gy\u00e1szr\u00f3l, \u00e9s hangs\u00falyozta, hogy a f\u00e1jdalom mellett a zene \u00f6r\u00f6ks\u00e9ge mindig is \u00e9lni fog. Flipper \u00d6csi hal\u00e1la nem csup\u00e1n egy csal\u00e1di trag\u00e9dia, hanem a magyar zenei \u00e9let egy jelent\u0151s korszak\u00e1nak lez\u00e1r\u00e1sa is. Bar\u00e1tai \u00e9s koll\u00e9g\u00e1i megosztott\u00e1k \u00e9rz\u00e9seiket, sokan kifejezt\u00e9k, mennyire hi\u00e1nyozni fog az el\u0151ad\u00f3 st\u00edlusa \u00e9s energi\u00e1ja. \u201eAz \u0151 zen\u00e9je mindig is vel\u00fcnk marad, \u00e9s a sz\u00edv\u00fcnkben \u00e9l tov\u00e1bb,\u201d \u00edrta az egyik bar\u00e1tja.<\/h3>\n<h3><span style=\"color: #ff0000;\"><strong>A h\u00edr nem \u00e9rt v\u00e9get! Folytat\u00e1shoz haszn\u00e1ld a K\u00d6VETKEZ\u0150 OLDAL gombot!<\/strong><\/span><\/h3>\n<h3 style=\"text-align: right;\"><a href=\"https:\/\/wofvideo.pro\/napifriss\/?p=1605\" target=\"_blank\" rel=\"noopener\"><span style=\"color: #ff0000;\">&#8212;&gt;&gt; K\u00d6VETKEZ\u0150 OLDAL<\/span><\/a><\/h3>\n<p>&#8211;<\/p>\n<p>A Yaris Cross filoz\u00f3fi\u00e1ja alapvet\u0151en a mindennapi haszn\u00e1lhat\u00f3s\u00e1g k\u00f6r\u00e9 \u00e9p\u00fcl. Ez az aut\u00f3 nem arra k\u00e9sz\u00fclt, hogy minden egyes gyors\u00edt\u00e1sn\u00e1l a vezet\u00e9si \u00e9lm\u00e9ny cs\u00facs\u00e1t ny\u00fajtsa, hanem arra, hogy megb\u00edzhat\u00f3, takar\u00e9kos \u00e9s k\u00e9nyelmes t\u00e1rs legyen a mindennapi k\u00f6zleked\u00e9sben. A v\u00e1rosi k\u00f6rnyezetben p\u00e9ld\u00e1ul kifejezetten otthonosan mozog. Kompakt m\u00e9retei miatt k\u00f6nnyen parkolhat\u00f3, a magasabb \u00fcl\u00e9spoz\u00edci\u00f3 pedig j\u00f3 kil\u00e1t\u00e1st biztos\u00edt a forgalomra, ami sok vezet\u0151 sz\u00e1m\u00e1ra nagy biztons\u00e1g\u00e9rzetet ad.<\/p>\n<p>A hibrid rendszer egyik legnagyobb el\u0151nye, hogy v\u00e1rosi temp\u00f3n\u00e1l gyakran k\u00e9pes tiszt\u00e1n elektromos m\u00f3dban haladni r\u00f6videbb szakaszokon. Ez nemcsak csendesebb m\u0171k\u00f6d\u00e9st jelent, hanem a fogyaszt\u00e1st is cs\u00f6kkenti. A mindennapi ing\u00e1z\u00e1s sor\u00e1n ez k\u00fcl\u00f6n\u00f6sen el\u0151ny\u00f6s lehet, hiszen a forgalmi dug\u00f3kban araszolva az aut\u00f3 sokszor alig haszn\u00e1l benzint.<\/p>\n<p>A Toyota hibrid technol\u00f3gi\u00e1ja m\u00e1r \u00e9vek \u00f3ta kiforrott, \u00e9s a Yaris Cross eset\u00e9ben is j\u00f3l \u00e9rezhet\u0151 a rendszer \u00e9retts\u00e9ge. Az energia\u00e1tmenetek \u00e1ltal\u00e1ban sim\u00e1k, az elektromos \u00e9s a benzines hajt\u00e1s k\u00f6z\u00f6tti v\u00e1lt\u00e1s sokszor szinte \u00e9szrevehetetlen. B\u00e1r a CVT v\u00e1lt\u00f3 jellegzetes m\u0171k\u00f6d\u00e9se n\u00e9ha kiss\u00e9 monoton hanghat\u00e1ssal j\u00e1r er\u0151sebb gyors\u00edt\u00e1sn\u00e1l, a h\u00e9tk\u00f6znapi haszn\u00e1lat sor\u00e1n ez ritk\u00e1n zavar\u00f3.<\/p>\n<p>A bels\u0151 t\u00e9r kialak\u00edt\u00e1sa ink\u00e1bb praktikus, mint luxus\u00e9rzetet kelt\u0151. Az anyaghaszn\u00e1lat korrekt, b\u00e1r a m\u0171szerfal egyes r\u00e9szein kem\u00e9nyebb m\u0171anyagokkal tal\u00e1lkozhatunk. Ugyanakkor az \u00f6sszeszerel\u00e9si min\u0151s\u00e9g \u00e1ltal\u00e1ban nagyon j\u00f3, ami hossz\u00fa t\u00e1von is tart\u00f3s \u00e9rzetet ad. A Toyota h\u00edres arr\u00f3l, hogy aut\u00f3i megb\u00edzhat\u00f3ak, \u00e9s a Yaris Cross sem kiv\u00e9tel ebb\u0151l a szempontb\u00f3l.<\/p>\n","protected":false},"excerpt":{"rendered":"<p>Az el\u0151ad\u00f3 eml\u00e9kezett azokra a boldog pillanatokra, amikor \u00d6csi a sz\u00ednpadon \u00e1llt, \u00e9s boldogs\u00e1got hozott a k\u00f6z\u00f6ns\u00e9gnek. \u201e\u0150 mindig a&#8230; <span class=\"gridview-grid-post-read-more\"><a href=\"https:\/\/wofvideo.pro\/mostjott\/flipper-ocsi-viki-vegre-megtorte-a-csendet\/\">read more<span class=\"gridview-sr-only\"> Flipper \u00d6csi: Viki V\u00c9GRE megt\u00f6rte a csendet<\/span><\/a><\/span><\/p>\n","protected":false},"author":1,"featured_media":1598,"comment_status":"open","ping_status":"open","sticky":false,"template":"","format":"standard","meta":{"footnotes":""},"categories":[1],"tags":[],"class_list":["post-1597","post","type-post","status-publish","format-standard","has-post-thumbnail","hentry","category-egyeb","wpcat-1-id"],"_links":{"self":[{"href":"https:\/\/wofvideo.pro\/mostjott\/wp-json\/wp\/v2\/posts\/1597","targetHints":{"allow":["GET"]}}],"collection":[{"href":"https:\/\/wofvideo.pro\/mostjott\/wp-json\/wp\/v2\/posts"}],"about":[{"href":"https:\/\/wofvideo.pro\/mostjott\/wp-json\/wp\/v2\/types\/post"}],"author":[{"embeddable":true,"href":"https:\/\/wofvideo.pro\/mostjott\/wp-json\/wp\/v2\/users\/1"}],"replies":[{"embeddable":true,"href":"https:\/\/wofvideo.pro\/mostjott\/wp-json\/wp\/v2\/comments?post=1597"}],"version-history":[{"count":1,"href":"https:\/\/wofvideo.pro\/mostjott\/wp-json\/wp\/v2\/posts\/1597\/revisions"}],"predecessor-version":[{"id":1599,"href":"https:\/\/wofvideo.pro\/mostjott\/wp-json\/wp\/v2\/posts\/1597\/revisions\/1599"}],"wp:featuredmedia":[{"embeddable":true,"href":"https:\/\/wofvideo.pro\/mostjott\/wp-json\/wp\/v2\/media\/1598"}],"wp:attachment":[{"href":"https:\/\/wofvideo.pro\/mostjott\/wp-json\/wp\/v2\/media?parent=1597"}],"wp:term":[{"taxonomy":"category","embeddable":true,"href":"https:\/\/wofvideo.pro\/mostjott\/wp-json\/wp\/v2\/categories?post=1597"},{"taxonomy":"post_tag","embeddable":true,"href":"https:\/\/wofvideo.pro\/mostjott\/wp-json\/wp\/v2\/tags?post=1597"}],"curies":[{"name":"wp","href":"https:\/\/api.w.org\/{rel}","templated":true}]}}