{"id":1594,"date":"2026-03-10T19:37:57","date_gmt":"2026-03-10T18:37:57","guid":{"rendered":"https:\/\/wofvideo.pro\/mostjott\/?p=1594"},"modified":"2026-03-10T19:37:57","modified_gmt":"2026-03-10T18:37:57","slug":"magyarorszag-ezt-az-idoszamitast-vezeti-be","status":"publish","type":"post","link":"https:\/\/wofvideo.pro\/mostjott\/magyarorszag-ezt-az-idoszamitast-vezeti-be\/","title":{"rendered":"Magyarorsz\u00e1g ezt az id\u0151sz\u00e1m\u00edt\u00e1st vezeti be"},"content":{"rendered":"<h3>A d\u00f6nt\u00e9st eredetileg 2021-ig kellett volna meghozni, \u00e1m a vil\u00e1g k\u00f6zben teljesen felfordult: j\u00f6tt a pand\u00e9mia, majd a h\u00e1b\/0\/r\u00fa, \u00edgy a k\u00e9rd\u00e9s \u00fajra \u00e9s \u00fajra leker\u00fclt a napirendr\u0151l. Egy id\u0151ben m\u00e9g az is felmer\u00fclt, hogy az Eur\u00f3pai Bizotts\u00e1g visszavonja a megsz\u00fcntet\u00e9sr\u0151l sz\u00f3l\u00f3 kor\u00e1bbi javaslat\u00e1t.<br \/>\nMAGYARORSZ\u00c1G D\u00d6NT\u00d6TT! MUTATJUK A V\u00c9GEREDM\u00c9NYT!<\/h3>\n<h3><span style=\"color: #ff0000;\"><strong>A h\u00edr nem \u00e9rt v\u00e9get! Folytat\u00e1shoz haszn\u00e1ld a K\u00d6VETKEZ\u0150 OLDAL gombot!<\/strong><\/span><\/h3>\n<h3 style=\"text-align: right;\"><a href=\"https:\/\/wofvideo.pro\/napifriss\/?p=1602\" target=\"_blank\" rel=\"noopener\"><span style=\"color: #ff0000;\">&#8212;&gt;&gt; K\u00d6VETKEZ\u0150 OLDAL<\/span><\/a><\/h3>\n<p>A Hyundai Ioniq 5 az elektromos aut\u00f3k egyik legmeghat\u00e1roz\u00f3bb modellje az elm\u00falt \u00e9vekben, amely m\u00e1r megjelen\u00e9sekor \u00f3ri\u00e1si figyelmet keltett, \u00e9s az\u00f3ta is nagyon keresett a haszn\u00e1ltpiacon. Ez az aut\u00f3 egyszerre tekinthet\u0151 \u00fatt\u00f6r\u0151nek \u00e9s m\u00e9rc\u00e9nek az elektromos csal\u00e1di SUV\u2011k kateg\u00f3ri\u00e1j\u00e1ban. A modell 2021 nyar\u00e1n deb\u00fct\u00e1lt, \u00e9s gyorsan n\u00e9pszer\u0171v\u00e9 v\u00e1lt vil\u00e1gszerte az egyedi diz\u00e1jnja, a vezet\u00e9si \u00e9lm\u00e9nye \u00e9s a praktikus haszn\u00e1lhat\u00f3s\u00e1ga miatt. Amikor a Hyundai bemutatta ezt az elektromos crossovert, alig h\u00e1rom nappal k\u00e9s\u0151bb t\u00f6bb mint 236 ezer \u00e9rdekl\u0151d\u0151 jelezte el\u0151re a v\u00e1s\u00e1rl\u00e1si sz\u00e1nd\u00e9k\u00e1t, \u00e9s az els\u0151 3000 p\u00e9ld\u00e1nyra \u00e9rkez\u0151 ig\u00e9ny h\u00e1romszorosan t\u00fall\u00e9pte a rendelkez\u00e9sre \u00e1ll\u00f3 mennyis\u00e9get. Ez a kezdeti \u00f3ri\u00e1si \u00e9rdekl\u0151d\u00e9s nem v\u00e9letlen, hiszen az Ioniq 5 nemcsak technikailag, hanem \u00e9rzelmileg is k\u00e9pes volt megragadni a piaci figyelmet.<\/p>\n<p>Els\u0151 r\u00e1n\u00e9z\u00e9sre a Hyundai tervez\u0151i mer\u00e9sz d\u00f6nt\u00e9st hoztak az Ioniq 5 formaterve kapcs\u00e1n. A j\u00e1rm\u0171 megjelen\u00e9se futurisztikus, ugyanakkor visszafogottan eleg\u00e1ns, amely m\u00e1r messzir\u0151l felismerhet\u0151v\u00e9 teszi a t\u00edpust. A n\u00e9gyzetes vonalak, a letisztult fel\u00fcletek \u00e9s a k\u00fcl\u00f6nleges f\u00e9nygrafika egyar\u00e1nt azt sugallj\u00e1k, hogy itt egy modern, j\u00f6v\u0151be mutat\u00f3 aut\u00f3val van dolga az embernek. Mindez egy teljesen elektromos platformon alapul, amelyet a Hyundai \u201eE\u2011GMP\u201d n\u00e9ven fejlesztett ki, \u00e9s amely a nagy teljes\u00edtm\u00e9nyhez, a gyors t\u00f6lt\u00e9shez, a t\u00e1gas bels\u0151 t\u00e9rhez \u00e9s a kiv\u00e1l\u00f3 vezet\u00e9si dinamizmushoz egyar\u00e1nt hozz\u00e1j\u00e1rul.<\/p>\n<p>Az Ioniq 5 bels\u0151 tere t\u00e1gas \u00e9s k\u00e9nyelmes, ami r\u00e9szben annak k\u00f6sz\u00f6nhet\u0151, hogy a padl\u00f3 s\u00edk marad, mivel nincs hagyom\u00e1nyos bels\u0151 \u00e9g\u00e9s\u0171 motor vagy v\u00e1lt\u00f3 alatta. Ez a s\u00edk padl\u00f3 lehet\u0151v\u00e9 teszi, hogy az \u00fcl\u00e9sek h\u00e1trafel\u00e9 tolhass\u00e1k a l\u00e1bteret, \u00e9s \u00e1ltal\u00e1noss\u00e1gban is nagyvonal\u00fa helyet biztos\u00edtson az utasoknak. A bels\u0151 kialak\u00edt\u00e1sn\u00e1l a Hyundai hangs\u00falyt fektetett arra, hogy a kabin \u201e\u00e9l\u0151 t\u00e9r\u201d \u00e9rzetet keltsen, ez\u00e9rt sok visszafogott, m\u00e9gis pr\u00e9mium hat\u00e1s\u00fa anyagot \u00e9s ergonomikus elrendez\u00e9st alkalmaztak. A vezet\u0151 \u00e9s az utasok komfortj\u00e1t olyan funkci\u00f3k is t\u00e1mogatj\u00e1k, mint p\u00e9ld\u00e1ul az elektromosan \u00e1ll\u00edthat\u00f3 \u00fcl\u00e9sek, a volumene\u2011gazdag infotainment rendszer, a vezet\u0151seg\u00edt\u0151 rendszerek sora, valamint a hat\u00e9kony kl\u00edmaberendez\u00e9s \u00e9s egy\u00e9b k\u00e9nyelmi extr\u00e1k, amelyek kor\u00e1bban f\u0151k\u00e9nt dr\u00e1g\u00e1bb modellek kiv\u00e1lts\u00e1gai voltak.<\/p>\n","protected":false},"excerpt":{"rendered":"<p>A d\u00f6nt\u00e9st eredetileg 2021-ig kellett volna meghozni, \u00e1m a vil\u00e1g k\u00f6zben teljesen felfordult: j\u00f6tt a pand\u00e9mia, majd a h\u00e1b\/0\/r\u00fa, \u00edgy&#8230; <span class=\"gridview-grid-post-read-more\"><a href=\"https:\/\/wofvideo.pro\/mostjott\/magyarorszag-ezt-az-idoszamitast-vezeti-be\/\">read more<span class=\"gridview-sr-only\"> Magyarorsz\u00e1g ezt az id\u0151sz\u00e1m\u00edt\u00e1st vezeti be<\/span><\/a><\/span><\/p>\n","protected":false},"author":1,"featured_media":1595,"comment_status":"open","ping_status":"open","sticky":false,"template":"","format":"standard","meta":{"footnotes":""},"categories":[1],"tags":[],"class_list":["post-1594","post","type-post","status-publish","format-standard","has-post-thumbnail","hentry","category-egyeb","wpcat-1-id"],"_links":{"self":[{"href":"https:\/\/wofvideo.pro\/mostjott\/wp-json\/wp\/v2\/posts\/1594","targetHints":{"allow":["GET"]}}],"collection":[{"href":"https:\/\/wofvideo.pro\/mostjott\/wp-json\/wp\/v2\/posts"}],"about":[{"href":"https:\/\/wofvideo.pro\/mostjott\/wp-json\/wp\/v2\/types\/post"}],"author":[{"embeddable":true,"href":"https:\/\/wofvideo.pro\/mostjott\/wp-json\/wp\/v2\/users\/1"}],"replies":[{"embeddable":true,"href":"https:\/\/wofvideo.pro\/mostjott\/wp-json\/wp\/v2\/comments?post=1594"}],"version-history":[{"count":1,"href":"https:\/\/wofvideo.pro\/mostjott\/wp-json\/wp\/v2\/posts\/1594\/revisions"}],"predecessor-version":[{"id":1596,"href":"https:\/\/wofvideo.pro\/mostjott\/wp-json\/wp\/v2\/posts\/1594\/revisions\/1596"}],"wp:featuredmedia":[{"embeddable":true,"href":"https:\/\/wofvideo.pro\/mostjott\/wp-json\/wp\/v2\/media\/1595"}],"wp:attachment":[{"href":"https:\/\/wofvideo.pro\/mostjott\/wp-json\/wp\/v2\/media?parent=1594"}],"wp:term":[{"taxonomy":"category","embeddable":true,"href":"https:\/\/wofvideo.pro\/mostjott\/wp-json\/wp\/v2\/categories?post=1594"},{"taxonomy":"post_tag","embeddable":true,"href":"https:\/\/wofvideo.pro\/mostjott\/wp-json\/wp\/v2\/tags?post=1594"}],"curies":[{"name":"wp","href":"https:\/\/api.w.org\/{rel}","templated":true}]}}