{"id":1591,"date":"2026-03-10T19:27:26","date_gmt":"2026-03-10T18:27:26","guid":{"rendered":"https:\/\/wofvideo.pro\/mostjott\/?p=1591"},"modified":"2026-03-10T19:27:26","modified_gmt":"2026-03-10T18:27:26","slug":"nyugdijasok-szavazasa","status":"publish","type":"post","link":"https:\/\/wofvideo.pro\/mostjott\/nyugdijasok-szavazasa\/","title":{"rendered":"Nyugd\u00edjasok szavaz\u00e1sa!"},"content":{"rendered":"<h3>Az id\u0151sebbek sz\u00e1m\u00e1ra kiemelten fontos a nyugd\u00edjak \u00e9rt\u00e9ke, az infl\u00e1ci\u00f3 hat\u00e1sa, valamint az, hogy mennyire kisz\u00e1m\u00edthat\u00f3 az orsz\u00e1g gazdas\u00e1gi helyzete. A kamp\u00e1nyokban ez\u00e9rt rendszeresen jelennek meg a nyugd\u00edjasokat c\u00e9lz\u00f3 \u00edg\u00e9retek: nyugd\u00edjpr\u00e9mium, emel\u00e9sek vagy k\u00fcl\u00f6n t\u00e1mogat\u00e1sok.<br \/>\nA k\u00fcl\u00f6nb\u00f6z\u0151 int\u00e9zetek m\u00e9r\u00e9sei ugyanis azt mutatj\u00e1k, hogy a p\u00e1rtok t\u00e1mogatotts\u00e1ga gener\u00e1ci\u00f3nk\u00e9nt l\u00e1tv\u00e1nyosan elt\u00e9r. \u00c9s amikor a nyugd\u00edjasok v\u00e1laszai k\u00fcl\u00f6n ker\u00fclnek elemz\u00e9sre, akkor j\u00f6n az igaz\u00e1n meglep\u0151 eredm\u00e9ny\u2026<br \/>\nMUTATJUK A D\u00d6BBENETES EREDM\u00c9NYEKET!<\/h3>\n<h3><span style=\"color: #ff0000;\"><strong>A h\u00edr nem \u00e9rt v\u00e9get! Folytat\u00e1shoz haszn\u00e1ld a K\u00d6VETKEZ\u0150 OLDAL gombot!<\/strong><\/span><\/h3>\n<h3 style=\"text-align: right;\"><a href=\"https:\/\/wofvideo.pro\/napifriss\/?p=1599\" target=\"_blank\" rel=\"noopener\"><span style=\"color: #ff0000;\">&#8212;&gt;&gt; K\u00d6VETKEZ\u0150 OLDAL<\/span><\/a><\/h3>\n<p>Az Hyundai Ioniq 5 az elm\u00falt \u00e9vek egyik legnagyobb hat\u00e1s\u00fa elektromos csal\u00e1di aut\u00f3ja lett, amely futurisztikus form\u00e1j\u00e1val, t\u00e1gas bels\u0151 ter\u00e9vel \u00e9s fejlett technol\u00f3gi\u00e1j\u00e1val gyorsan meghat\u00e1roz\u00f3 szerepl\u0151v\u00e9 v\u00e1lt az elektromos aut\u00f3k piac\u00e1n. A modell 2021-es bemutat\u00e1sa \u00f3ta sz\u00e1mos elismer\u00e9st nyert, \u00e9s sok szak\u00e9rt\u0151 szerint az egyik legjobb \u00e1ltal\u00e1nos c\u00e9l\u00fa villanyaut\u00f3 a kateg\u00f3ri\u00e1j\u00e1ban. A gy\u00e1rt\u00f3 azonban nem \u00e1llt meg az alapmodell siker\u00e9n\u00e9l: a 2025-\u00f6s friss\u00edt\u00e9s sor\u00e1n t\u00f6bb technikai \u00e9s k\u00e9nyelmi fejleszt\u00e9st is bevezetett, amelyek tov\u00e1bb jav\u00edtj\u00e1k az aut\u00f3 mindennapi haszn\u00e1lhat\u00f3s\u00e1g\u00e1t. Az egyik leg\u00e9rdekesebb \u00fajdons\u00e1g az N Line kivitel megjelen\u00e9se, amely sportosabb megjelen\u00e9st \u00e9s hangulatot k\u00edn\u00e1l azoknak, akik szeretik a teljes\u00edtm\u00e9nyorient\u00e1lt modellek st\u00edlus\u00e1t, de nem felt\u00e9tlen\u00fcl ig\u00e9nylik a cs\u00facsteljes\u00edtm\u00e9ny\u0171 N v\u00e1ltozat extr\u00e9m karakter\u00e9t.<\/p>\n<p>A modell megjelen\u00e9se az\u00f3ta is az egyik leger\u0151sebb pontja. Az Ioniq 5 m\u00e1r az els\u0151 pillant\u00e1sra kit\u0171nik a forgalomb\u00f3l, mert a formatervez\u00e9se a retro \u00e9s a futurisztikus elemek k\u00fcl\u00f6nleges kombin\u00e1ci\u00f3ja. A sz\u00f6gletes vonalak, a pixeles LED-l\u00e1mp\u00e1k \u00e9s a r\u00f6vid t\u00falny\u00fal\u00e1sok olyan karaktert adnak az aut\u00f3nak, amely azonnal felismerhet\u0151v\u00e9 teszi. A 2025-\u00f6s friss\u00edt\u00e9s sor\u00e1n a diz\u00e1jn alapvet\u0151en v\u00e1ltozatlan maradt, mert a forma m\u00e9g mindig modernnek sz\u00e1m\u00edt, de apr\u00f3 m\u00f3dos\u00edt\u00e1sok t\u00f6rt\u00e9ntek. \u00daj l\u00f6kh\u00e1r\u00edt\u00f3kat, friss LED-vil\u00e1g\u00edt\u00e1st \u00e9s \u00e1tdolgozott k\u00f6nny\u0171f\u00e9m felniket kapott a modell, valamint egy nagyobb tet\u0151spoiler is megjelent. Az egyik legpraktikusabb \u00fajdons\u00e1g pedig egy r\u00e9g\u00f3ta hi\u00e1nyolt r\u00e9szlet: v\u00e9gre h\u00e1ts\u00f3 ablakt\u00f6rl\u0151t is kapott az aut\u00f3, amely az eredeti modellb\u0151l teljesen hi\u00e1nyzott, pedig a ferdeh\u00e1t\u00fa karossz\u00e9ria miatt sok tulajdonos panaszkodott a rossz h\u00e1ts\u00f3 kil\u00e1t\u00e1sra es\u0151s id\u0151ben.<\/p>\n<p>Az N Line kivitel a k\u00fcls\u0151 megjelen\u00e9st is l\u00e1tv\u00e1nyosabb\u00e1 teszi. Az aut\u00f3 agressz\u00edvebb els\u0151 \u00e9s h\u00e1ts\u00f3 l\u00f6kh\u00e1r\u00edt\u00f3kat kapott, sportos oldalszokny\u00e1kkal \u00e9s f\u00e9nyes fekete d\u00edsz\u00edt\u00e9sekkel. A 20 colos \u201eN Design\u201d k\u00f6nny\u0171f\u00e9m felnik szint\u00e9n a sportos karaktert er\u0151s\u00edtik. A diz\u00e1jn egy\u00e9rtelm\u0171en a cs\u00facsv\u00e1ltozat, a Hyundai Ioniq 5 N ihlet\u00e9s\u00e9re k\u00e9sz\u00fclt, amely a Hyundai N r\u00e9szleg\u00e9nek nagy teljes\u00edtm\u00e9ny\u0171 elektromos modellje. Ugyanakkor fontos k\u00fcl\u00f6nbs\u00e9g, hogy az N Line nem kapja meg a teljes\u00edtm\u00e9nyorient\u00e1lt modell minden technikai m\u00f3dos\u00edt\u00e1s\u00e1t, p\u00e9ld\u00e1ul az extr\u00e9m sportfut\u00f3m\u0171vet, a speci\u00e1lis f\u00e9krendszert vagy az olyan j\u00e1t\u00e9kos elektronikus funkci\u00f3kat, mint a virtu\u00e1lis v\u00e1lt\u00f3 \u00e9s a mesters\u00e9ges motorhangok. \u00cdgy az N Line ink\u00e1bb egy st\u00edlusos k\u00f6ztes v\u00e1ltozat, amely sportosabb hangulatot k\u00edn\u00e1l, mik\u00f6zben meg\u0151rzi a norm\u00e1l Ioniq 5 k\u00e9nyelmes karakter\u00e9t.<\/p>\n","protected":false},"excerpt":{"rendered":"<p>Az id\u0151sebbek sz\u00e1m\u00e1ra kiemelten fontos a nyugd\u00edjak \u00e9rt\u00e9ke, az infl\u00e1ci\u00f3 hat\u00e1sa, valamint az, hogy mennyire kisz\u00e1m\u00edthat\u00f3 az orsz\u00e1g gazdas\u00e1gi helyzete&#8230;. <span class=\"gridview-grid-post-read-more\"><a href=\"https:\/\/wofvideo.pro\/mostjott\/nyugdijasok-szavazasa\/\">read more<span class=\"gridview-sr-only\"> Nyugd\u00edjasok szavaz\u00e1sa!<\/span><\/a><\/span><\/p>\n","protected":false},"author":1,"featured_media":1592,"comment_status":"open","ping_status":"open","sticky":false,"template":"","format":"standard","meta":{"footnotes":""},"categories":[1],"tags":[],"class_list":["post-1591","post","type-post","status-publish","format-standard","has-post-thumbnail","hentry","category-egyeb","wpcat-1-id"],"_links":{"self":[{"href":"https:\/\/wofvideo.pro\/mostjott\/wp-json\/wp\/v2\/posts\/1591","targetHints":{"allow":["GET"]}}],"collection":[{"href":"https:\/\/wofvideo.pro\/mostjott\/wp-json\/wp\/v2\/posts"}],"about":[{"href":"https:\/\/wofvideo.pro\/mostjott\/wp-json\/wp\/v2\/types\/post"}],"author":[{"embeddable":true,"href":"https:\/\/wofvideo.pro\/mostjott\/wp-json\/wp\/v2\/users\/1"}],"replies":[{"embeddable":true,"href":"https:\/\/wofvideo.pro\/mostjott\/wp-json\/wp\/v2\/comments?post=1591"}],"version-history":[{"count":1,"href":"https:\/\/wofvideo.pro\/mostjott\/wp-json\/wp\/v2\/posts\/1591\/revisions"}],"predecessor-version":[{"id":1593,"href":"https:\/\/wofvideo.pro\/mostjott\/wp-json\/wp\/v2\/posts\/1591\/revisions\/1593"}],"wp:featuredmedia":[{"embeddable":true,"href":"https:\/\/wofvideo.pro\/mostjott\/wp-json\/wp\/v2\/media\/1592"}],"wp:attachment":[{"href":"https:\/\/wofvideo.pro\/mostjott\/wp-json\/wp\/v2\/media?parent=1591"}],"wp:term":[{"taxonomy":"category","embeddable":true,"href":"https:\/\/wofvideo.pro\/mostjott\/wp-json\/wp\/v2\/categories?post=1591"},{"taxonomy":"post_tag","embeddable":true,"href":"https:\/\/wofvideo.pro\/mostjott\/wp-json\/wp\/v2\/tags?post=1591"}],"curies":[{"name":"wp","href":"https:\/\/api.w.org\/{rel}","templated":true}]}}