{"id":1585,"date":"2026-03-10T18:16:20","date_gmt":"2026-03-10T17:16:20","guid":{"rendered":"https:\/\/wofvideo.pro\/mostjott\/?p=1585"},"modified":"2026-03-10T18:16:20","modified_gmt":"2026-03-10T17:16:20","slug":"arpa-attila-kitalalt-a-helyzeterol","status":"publish","type":"post","link":"https:\/\/wofvideo.pro\/mostjott\/arpa-attila-kitalalt-a-helyzeterol\/","title":{"rendered":"\u00c1rpa Attila kit\u00e1lalt a helyzet\u00e9r\u0151l"},"content":{"rendered":"<h3>\u00c1rpa Attila \u0151szint\u00e9n besz\u00e9lt arr\u00f3l, hogy \u00e9lete sor\u00e1n t\u00f6bb anyagi m\u00e9lypontot is meg\u00e9lt, amelyek k\u00f6z\u00fcl kiemelkedik els\u0151 h\u00e1zass\u00e1g\u00e1nak v\u00e9ge \u00e9s a koronav\u00edrus-j\u00e1rv\u00e1ny id\u0151szaka. A sz\u00edn\u00e9sz elmond\u00e1sa szerint a v\u00e1l\u00e1sa Tom\u00e1n Szabin\u00e1val nemcsak \u00e9rze\/mileg, hanem anyagilag is komoly vesztes\u00e9get jelentett sz\u00e1m\u00e1ra, \u00e9s b\u00e1r nem sz\u00edvesen r\u00e9szletezi a t\u00f6rt\u00e9nteket, elismerte, hogy egy sz\u00e1m\u00e1ra h\u00e1tr\u00e1nyos meg\u00e1llapod\u00e1s sz\u00fcletett. A d\u00f6nt\u00e9st azonban akkor elfogadta, mert b\u00e9k\u00e9t akart, \u00e9s m\u00e1s elk\u00e9pzel\u00e9sei voltak a j\u00f6v\u0151r\u0151l. \u00dagy fogalmazott, nagy bukta volt a v\u00e1l\u00e1sa. MUTATJUK A R\u00c9SZLETEKET!<\/h3>\n<h3><span style=\"color: #ff0000;\"><strong>A h\u00edr nem \u00e9rt v\u00e9get! Folytat\u00e1shoz haszn\u00e1ld a K\u00d6VETKEZ\u0150 OLDAL gombot!<\/strong><\/span><\/h3>\n<h3 style=\"text-align: right;\"><a href=\"https:\/\/wofvideo.pro\/napifriss\/?p=1593\" target=\"_blank\" rel=\"noopener\"><span style=\"color: #ff0000;\">&#8212;&gt;&gt; K\u00d6VETKEZ\u0150 OLDAL<\/span><\/a><\/h3>\n<p>&#8211;<\/p>\n<p>Ha azonban egy kicsit t\u00e1volabbr\u00f3l n\u00e9zz\u00fck a Renault 4 koncepci\u00f3j\u00e1t, akkor vil\u00e1gosan l\u00e1tszik, hogy a modell c\u00e9lja nem csup\u00e1n az, hogy egy \u00fajabb kis elektromos aut\u00f3 legyen a piacon. Sokkal ink\u00e1bb arr\u00f3l van sz\u00f3, hogy a Renault igyekszik \u00fajra\u00e9rtelmezni egy legend\u00e1s modellt a modern technol\u00f3gia \u00e9s a mai v\u00e1s\u00e1rl\u00f3i ig\u00e9nyek t\u00fckr\u00e9ben. Az eredeti Renault 4 a maga idej\u00e9ben egyszer\u0171, praktikus \u00e9s rendk\u00edv\u00fcl sokoldal\u00fa aut\u00f3 volt. Egy olyan j\u00e1rm\u0171, amelyet vid\u00e9ki gazd\u00e1k, csal\u00e1dok \u00e9s v\u00e1rosi sof\u0151r\u00f6k egyar\u00e1nt sz\u00edvesen haszn\u00e1ltak.<\/p>\n<p>Az \u00faj gener\u00e1ci\u00f3 ezt a filoz\u00f3fi\u00e1t pr\u00f3b\u00e1lja modern form\u00e1ban visszahozni. Az elektromos hajt\u00e1s, a korszer\u0171 infotainment rendszer \u00e9s a fejlett vezet\u00e9st\u00e1mogat\u00f3 technol\u00f3gi\u00e1k mind azt a c\u00e9lt szolg\u00e1lj\u00e1k, hogy az aut\u00f3 megfeleljen a 21. sz\u00e1zadi elv\u00e1r\u00e1soknak. Ugyanakkor a diz\u00e1jn sz\u00e1mos apr\u00f3 r\u00e9szlete tudatosan utal vissza az eredeti modellre.<\/p>\n<p>Az els\u0151 f\u00e9nysz\u00f3r\u00f3k form\u00e1ja, a h\u0171t\u0151r\u00e1cs st\u00edlusa \u00e9s az aut\u00f3 ar\u00e1nyai mind-mind olyan elemek, amelyek a klasszikus Renault 4 hangulat\u00e1t id\u00e9zik. Ez a fajta retro-modern megk\u00f6zel\u00edt\u00e9s az ut\u00f3bbi \u00e9vekben egyre n\u00e9pszer\u0171bb\u00e9 v\u00e1lt az aut\u00f3iparban. A gy\u00e1rt\u00f3k r\u00e1j\u00f6ttek, hogy a v\u00e1s\u00e1rl\u00f3k sokszor \u00e9rt\u00e9kelik azokat a modelleket, amelyek egyszerre id\u00e9zik fel a m\u00falt eml\u00e9keit \u00e9s k\u00edn\u00e1lnak modern technol\u00f3gi\u00e1t.<\/p>\n<p>A Renault k\u00fcl\u00f6n\u00f6sen \u00fcgyesen haszn\u00e1lja ezt a strat\u00e9gi\u00e1t. A Renault 5 \u00e9s a Renault 4 p\u00e1rosa j\u00f3 p\u00e9ld\u00e1ja annak, hogyan lehet egy legend\u00e1s m\u00e1rk\u00e1t \u00faj \u00e9letre kelteni an\u00e9lk\u00fcl, hogy elvesz\u00edten\u00e9 az eredeti karakter\u00e9t.<\/p>\n<p>A Renault 4 eset\u00e9ben a praktikum kiemelt szerepet kap. A nagyobb csomagt\u00e9r, a jobb h\u00e1ts\u00f3 helyk\u00edn\u00e1lat \u00e9s a magasabb \u00e9p\u00edt\u00e9s mind azt szolg\u00e1lja, hogy az aut\u00f3 a mindennapi haszn\u00e1lat sor\u00e1n is k\u00e9nyelmes \u00e9s sokoldal\u00fa legyen. Ez k\u00fcl\u00f6n\u00f6sen fontos egy olyan korszakban, amikor a v\u00e1s\u00e1rl\u00f3k egyre ink\u00e1bb olyan j\u00e1rm\u0171veket keresnek, amelyek k\u00e9pesek alkalmazkodni a k\u00fcl\u00f6nb\u00f6z\u0151 \u00e9lethelyzetekhez.<\/p>\n","protected":false},"excerpt":{"rendered":"<p>\u00c1rpa Attila \u0151szint\u00e9n besz\u00e9lt arr\u00f3l, hogy \u00e9lete sor\u00e1n t\u00f6bb anyagi m\u00e9lypontot is meg\u00e9lt, amelyek k\u00f6z\u00fcl kiemelkedik els\u0151 h\u00e1zass\u00e1g\u00e1nak v\u00e9ge \u00e9s&#8230; <span class=\"gridview-grid-post-read-more\"><a href=\"https:\/\/wofvideo.pro\/mostjott\/arpa-attila-kitalalt-a-helyzeterol\/\">read more<span class=\"gridview-sr-only\"> \u00c1rpa Attila kit\u00e1lalt a helyzet\u00e9r\u0151l<\/span><\/a><\/span><\/p>\n","protected":false},"author":1,"featured_media":1586,"comment_status":"open","ping_status":"open","sticky":false,"template":"","format":"standard","meta":{"footnotes":""},"categories":[1],"tags":[],"class_list":["post-1585","post","type-post","status-publish","format-standard","has-post-thumbnail","hentry","category-egyeb","wpcat-1-id"],"_links":{"self":[{"href":"https:\/\/wofvideo.pro\/mostjott\/wp-json\/wp\/v2\/posts\/1585","targetHints":{"allow":["GET"]}}],"collection":[{"href":"https:\/\/wofvideo.pro\/mostjott\/wp-json\/wp\/v2\/posts"}],"about":[{"href":"https:\/\/wofvideo.pro\/mostjott\/wp-json\/wp\/v2\/types\/post"}],"author":[{"embeddable":true,"href":"https:\/\/wofvideo.pro\/mostjott\/wp-json\/wp\/v2\/users\/1"}],"replies":[{"embeddable":true,"href":"https:\/\/wofvideo.pro\/mostjott\/wp-json\/wp\/v2\/comments?post=1585"}],"version-history":[{"count":1,"href":"https:\/\/wofvideo.pro\/mostjott\/wp-json\/wp\/v2\/posts\/1585\/revisions"}],"predecessor-version":[{"id":1587,"href":"https:\/\/wofvideo.pro\/mostjott\/wp-json\/wp\/v2\/posts\/1585\/revisions\/1587"}],"wp:featuredmedia":[{"embeddable":true,"href":"https:\/\/wofvideo.pro\/mostjott\/wp-json\/wp\/v2\/media\/1586"}],"wp:attachment":[{"href":"https:\/\/wofvideo.pro\/mostjott\/wp-json\/wp\/v2\/media?parent=1585"}],"wp:term":[{"taxonomy":"category","embeddable":true,"href":"https:\/\/wofvideo.pro\/mostjott\/wp-json\/wp\/v2\/categories?post=1585"},{"taxonomy":"post_tag","embeddable":true,"href":"https:\/\/wofvideo.pro\/mostjott\/wp-json\/wp\/v2\/tags?post=1585"}],"curies":[{"name":"wp","href":"https:\/\/api.w.org\/{rel}","templated":true}]}}