{"id":1582,"date":"2026-03-10T16:47:33","date_gmt":"2026-03-10T15:47:33","guid":{"rendered":"https:\/\/wofvideo.pro\/mostjott\/?p=1582"},"modified":"2026-03-10T16:47:33","modified_gmt":"2026-03-10T15:47:33","slug":"a-nagy-o-melindaja-alig-tudott-elmenekulni","status":"publish","type":"post","link":"https:\/\/wofvideo.pro\/mostjott\/a-nagy-o-melindaja-alig-tudott-elmenekulni\/","title":{"rendered":"A Nagy \u0150 Melind\u00e1ja alig tudott elmenek\u00fclni"},"content":{"rendered":"<h3>Az interneten elindult egy besz\u00e9lget\u00e9s, kedves f\u00e9\/finak ismertem meg Zolt\u00e1nt &#8211; mes\u00e9lte Nagy \u0150 Melinda. K\u00edv\u00e1ncsi voltam r\u00e1, tetszett, hogy egyezik az \u00e9rt\u00e9krend\u00fcnk, ez\u00e9rt megl\u00e1togattam \u2013 tette hozz\u00e1 a Blikknek Melinda, aki a k\u00f6vet\u0151i sz\u00e1m\u00e1ra k\u00f6zz\u00e9tett vi\/e\u00f3ban is \u0151szint\u00e9n vallott a sokkol\u00f3 \u00e9lm\u00e9nyr\u0151l, amely a f\u00e9r\/in\u00e1l \u00e9rte. A biztat\u00f3an indul\u00f3 kapcsolat v\u00e1ratlanul rosszra fordult, h\u00e1rom \u00e9s f\u00e9l h\u00f3nap ut\u00e1n elfa\/ult egy vit\u00e1juk: Zolt\u00e1n a vacsor\u00e1n\u00e1l k\u00e9t poh\u00e1r b\/rt iv\/tt meg, majd v\u00e1ratlanul k\/zet e\/elt Melind\u00e1ra. El\u0151sz\u00f6r meg\u00fct\u00f6tte a mel\/kas\u00e1t, mire Melinda h\u00e1t\/aesett \u00e9s be\/t\u00f6tte a frissen m\u0171t\u00f6tt gerinc\u00e9t. MUTATJUK A R\u00c9SZLETEKET!<\/h3>\n<h3><span style=\"color: #ff0000;\"><strong>A h\u00edr nem \u00e9rt v\u00e9get! Folytat\u00e1shoz haszn\u00e1ld a K\u00d6VETKEZ\u0150 OLDAL gombot!<\/strong><\/span><\/h3>\n<h3 style=\"text-align: right;\"><a href=\"https:\/\/wofvideo.pro\/napifriss\/?p=1590\" target=\"_blank\" rel=\"noopener\"><span style=\"color: #ff0000;\">&#8212;&gt;&gt; K\u00d6VETKEZ\u0150 OLDAL<\/span><\/a><\/h3>\n<p>&#8211;<\/p>\n<p>A m\u00e9rn\u00f6k\u00f6k l\u00e1that\u00f3an nagy figyelmet ford\u00edtottak arra, hogy az aut\u00f3 minden helyzetben kiegyens\u00falyozott maradjon. A s\u00falyeloszt\u00e1s, a fut\u00f3m\u0171 geometri\u00e1ja \u00e9s a gumik v\u00e1laszt\u00e1sa mind azt a c\u00e9lt szolg\u00e1lja, hogy az aut\u00f3 term\u00e9szetes m\u00f3don reag\u00e1ljon a vezet\u0151 parancsaira.<\/p>\n<p>A modern sportos kompakt aut\u00f3k k\u00f6z\u00f6tt az A290 egy olyan modellnek t\u0171nik, amely nemcsak a sz\u00e1mokkal akar leny\u0171g\u00f6zni. Nem puszt\u00e1n a gyorsul\u00e1s vagy a v\u00e9gsebess\u00e9g sz\u00e1m\u00edt. Sokkal ink\u00e1bb az a k\u00e9rd\u00e9s, hogy milyen \u00e9rz\u00e9s vele k\u00f6zlekedni nap mint nap. Az aut\u00f3 karaktere teh\u00e1t nemcsak a sportoss\u00e1gr\u00f3l sz\u00f3l, hanem a haszn\u00e1lhat\u00f3s\u00e1gr\u00f3l is. Egy olyan j\u00e1rm\u0171r\u0151l van sz\u00f3, amely k\u00e9pes alkalmazkodni a k\u00fcl\u00f6nb\u00f6z\u0151 helyzetekhez. A reggeli v\u00e1rosi forgalomban nyugodt \u00e9s kontroll\u00e1lt, m\u00edg egy kanyarg\u00f3s hegyi \u00faton \u00e9l\u00e9nk \u00e9s energikus.<\/p>\n<p>Ez a kett\u0151ss\u00e9g az, ami igaz\u00e1n k\u00fcl\u00f6nlegess\u00e9 teszi. Sok sportos aut\u00f3 kompromisszumot k\u00f6vetel a mindennapi haszn\u00e1latban. Az A290 azonban igyekszik ezt a kompromisszumot minimaliz\u00e1lni. A vezet\u0151 \u00edgy egy olyan aut\u00f3t kap, amely egyszerre praktikus \u00e9s sz\u00f3rakoztat\u00f3.<\/p>\n<p>Az A290 vezet\u00e9si \u00e9lm\u00e9nye arr\u00f3l sz\u00f3l, hogy a technol\u00f3gia \u00e9s a m\u00e9rn\u00f6ki munka hogyan k\u00e9pes egyens\u00falyt teremteni a teljes\u00edtm\u00e9ny \u00e9s a komfort k\u00f6z\u00f6tt. Az aut\u00f3 minden r\u00e9szlete azt sugallja, hogy gondosan megtervezett rendszer r\u00e9sze.<\/p>\n","protected":false},"excerpt":{"rendered":"<p>Az interneten elindult egy besz\u00e9lget\u00e9s, kedves f\u00e9\/finak ismertem meg Zolt\u00e1nt &#8211; mes\u00e9lte Nagy \u0150 Melinda. K\u00edv\u00e1ncsi voltam r\u00e1, tetszett, hogy&#8230; <span class=\"gridview-grid-post-read-more\"><a href=\"https:\/\/wofvideo.pro\/mostjott\/a-nagy-o-melindaja-alig-tudott-elmenekulni\/\">read more<span class=\"gridview-sr-only\"> A Nagy \u0150 Melind\u00e1ja alig tudott elmenek\u00fclni<\/span><\/a><\/span><\/p>\n","protected":false},"author":1,"featured_media":1583,"comment_status":"open","ping_status":"open","sticky":false,"template":"","format":"standard","meta":{"footnotes":""},"categories":[1],"tags":[],"class_list":["post-1582","post","type-post","status-publish","format-standard","has-post-thumbnail","hentry","category-egyeb","wpcat-1-id"],"_links":{"self":[{"href":"https:\/\/wofvideo.pro\/mostjott\/wp-json\/wp\/v2\/posts\/1582","targetHints":{"allow":["GET"]}}],"collection":[{"href":"https:\/\/wofvideo.pro\/mostjott\/wp-json\/wp\/v2\/posts"}],"about":[{"href":"https:\/\/wofvideo.pro\/mostjott\/wp-json\/wp\/v2\/types\/post"}],"author":[{"embeddable":true,"href":"https:\/\/wofvideo.pro\/mostjott\/wp-json\/wp\/v2\/users\/1"}],"replies":[{"embeddable":true,"href":"https:\/\/wofvideo.pro\/mostjott\/wp-json\/wp\/v2\/comments?post=1582"}],"version-history":[{"count":1,"href":"https:\/\/wofvideo.pro\/mostjott\/wp-json\/wp\/v2\/posts\/1582\/revisions"}],"predecessor-version":[{"id":1584,"href":"https:\/\/wofvideo.pro\/mostjott\/wp-json\/wp\/v2\/posts\/1582\/revisions\/1584"}],"wp:featuredmedia":[{"embeddable":true,"href":"https:\/\/wofvideo.pro\/mostjott\/wp-json\/wp\/v2\/media\/1583"}],"wp:attachment":[{"href":"https:\/\/wofvideo.pro\/mostjott\/wp-json\/wp\/v2\/media?parent=1582"}],"wp:term":[{"taxonomy":"category","embeddable":true,"href":"https:\/\/wofvideo.pro\/mostjott\/wp-json\/wp\/v2\/categories?post=1582"},{"taxonomy":"post_tag","embeddable":true,"href":"https:\/\/wofvideo.pro\/mostjott\/wp-json\/wp\/v2\/tags?post=1582"}],"curies":[{"name":"wp","href":"https:\/\/api.w.org\/{rel}","templated":true}]}}