{"id":1579,"date":"2026-03-10T08:30:43","date_gmt":"2026-03-10T07:30:43","guid":{"rendered":"https:\/\/wofvideo.pro\/mostjott\/?p=1579"},"modified":"2026-03-10T08:30:43","modified_gmt":"2026-03-10T07:30:43","slug":"zacher-gabor-ezert-rugta-el-boldog-hazassagat","status":"publish","type":"post","link":"https:\/\/wofvideo.pro\/mostjott\/zacher-gabor-ezert-rugta-el-boldog-hazassagat\/","title":{"rendered":"Zacher G\u00e1bor ez\u00e9rt r\u00fagta el boldog h\u00e1zass\u00e1g\u00e1t"},"content":{"rendered":"<h3>Zacher G\u00e1bor \u00e9s m\u00e1sodik feles\u00e9ge, M\u00f3nika tizenegy \u00e9vvel ezel\u0151tt, egy v\u00e9letlen tal\u00e1lkoz\u00e1s sor\u00e1n ismerkedtek meg. M\u00f3nika gy\u00f3gyszer\u00e9szk\u00e9nt dolgozott egy gy\u00f3gyszerforgalmaz\u00f3 c\u00e9gn\u00e9l, ahol G\u00e1bor egy el\u0151ad\u00e1st tartott. Az el\u0151ad\u00e1s ut\u00e1n, amikor a f\u00e9rfi \u00e9ppen t\u00e1vozni k\u00e9sz\u00fclt, M\u00f3nika megkocogtatta a v\u00e1ll\u00e1t, \u00e9s a tekintet\u00fck tal\u00e1lkozott. \u201eNem hittem, hogy l\u00e9tezik szerelem els\u0151 l\u00e1t\u00e1sra, de mint a vill\u00e1m, \u00fagy csapott bel\u00e9m. N\/s voltam, szerettem a feles\u00e9gemet, a fiamat, j\u00f3l megvoltunk, eszembe nem jutott, hogy ez a csal\u00e1di idill egyszer v\u00e9get \u00e9rhet\u201d. H\u00f3napokig v\u00edv\u00f3dott, mire meghozta a neh\u00e9z d\u00f6nt\u00e9st, hogy elhagyja kor\u00e1bbi \u00e9let\u00e9t, \u00e9s M\u00f3nik\u00e1val kezdjen \u00faj fejezetet. V\u00e9g\u00fcl elk\u00f6lt\u00f6z\u00f6tt otthonr\u00f3l \u00e9s rendk\u00edv\u00fcl neh\u00e9z \u00e9vek k\u00f6vetkeztek az \u00e9let\u00e9ben. MUTATJUK A R\u00c9SZLETEKET!<\/h3>\n<h3><span style=\"color: #ff0000;\"><strong>A h\u00edr nem \u00e9rt v\u00e9get! Folytat\u00e1shoz haszn\u00e1ld a K\u00d6VETKEZ\u0150 OLDAL gombot!<\/strong><\/span><\/h3>\n<h3 style=\"text-align: right;\"><a href=\"https:\/\/wofvideo.pro\/napifriss\/?p=1587\" target=\"_blank\" rel=\"noopener\"><span style=\"color: #ff0000;\">&#8212;&gt;&gt; K\u00d6VETKEZ\u0150 OLDAL<\/span><\/a><\/h3>\n<p>&#8211;<\/p>\n<p>A Renault 5-h\u00f6z k\u00e9pest az Alpine jelent\u0151s \u00e1talak\u00edt\u00e1sokon esett \u00e1t a karossz\u00e9ria alatt. A dieppe-i m\u00e9rn\u00f6kcsapat komoly munk\u00e1t v\u00e9gzett a fut\u00f3m\u0171v\u00f6n: a megl\u00e9v\u0151 Renault els\u0151 felf\u00fcggeszt\u00e9si rendszert teljesen elhagyt\u00e1k, \u00e9s hely\u00e9re egy \u00faj seg\u00e9dv\u00e1z ker\u00fclt, amely lehet\u0151v\u00e9 teszi, hogy a nyomt\u00e1v 60 millim\u00e9terrel sz\u00e9lesebb legyen, mint az R5 eset\u00e9ben.<\/p>\n<p>A sz\u00e9lesebb nyomt\u00e1v nemcsak a stabilit\u00e1st jav\u00edtja, hanem az aut\u00f3 vizu\u00e1lis megjelen\u00e9s\u00e9t is sportosabb\u00e1 teszi. A m\u00e9rn\u00f6k\u00f6k c\u00e9lja az volt, hogy az aut\u00f3 azonnali reakci\u00f3kat adjon a korm\u00e1nyz\u00e1sra, \u00e9s magabiztosan viselkedjen gyors kanyarokban is. A m\u00f3dos\u00edtott fut\u00f3m\u0171 mellett a rug\u00f3kat \u00e9s leng\u00e9scsillap\u00edt\u00f3kat is \u00fajrahangolt\u00e1k, hogy jobban illeszkedjenek a sportos karakterhez.<\/p>\n<p>Az elektromos hajt\u00e1srendszer szint\u00e9n kulcsszerepet j\u00e1tszik az \u00faj gener\u00e1ci\u00f3s Alpine modellekben. Az A290 eset\u00e9ben a villanymotor azonnali nyomat\u00e9kot biztos\u00edt, ami \u00e9l\u00e9nk gyorsul\u00e1st eredm\u00e9nyez. Az elektromos aut\u00f3k egyik legnagyobb el\u0151nye, hogy a teljes\u00edtm\u00e9ny szinte k\u00e9sleked\u00e9s n\u00e9lk\u00fcl \u00e9rkezik, ami k\u00fcl\u00f6n\u00f6sen \u00e9lvezetes a sportos vezet\u00e9s sor\u00e1n.<\/p>\n<p>A tervez\u0151k nagy figyelmet ford\u00edtottak a s\u00falyeloszt\u00e1sra is. Az akkumul\u00e1torcsomagot az aut\u00f3 padl\u00f3j\u00e1ba integr\u00e1lt\u00e1k, ami alacsony s\u00falypontot eredm\u00e9nyez. Ez hozz\u00e1j\u00e1rul a jobb kanyarstabilit\u00e1shoz \u00e9s a kisz\u00e1m\u00edthat\u00f3bb viselked\u00e9shez. Az ilyen jelleg\u0171 konstrukci\u00f3k az elektromos aut\u00f3k egyik nagy el\u0151nyei k\u00f6z\u00e9 tartoznak.<\/p>\n","protected":false},"excerpt":{"rendered":"<p>Zacher G\u00e1bor \u00e9s m\u00e1sodik feles\u00e9ge, M\u00f3nika tizenegy \u00e9vvel ezel\u0151tt, egy v\u00e9letlen tal\u00e1lkoz\u00e1s sor\u00e1n ismerkedtek meg. M\u00f3nika gy\u00f3gyszer\u00e9szk\u00e9nt dolgozott egy gy\u00f3gyszerforgalmaz\u00f3&#8230; <span class=\"gridview-grid-post-read-more\"><a href=\"https:\/\/wofvideo.pro\/mostjott\/zacher-gabor-ezert-rugta-el-boldog-hazassagat\/\">read more<span class=\"gridview-sr-only\"> Zacher G\u00e1bor ez\u00e9rt r\u00fagta el boldog h\u00e1zass\u00e1g\u00e1t<\/span><\/a><\/span><\/p>\n","protected":false},"author":1,"featured_media":1580,"comment_status":"open","ping_status":"open","sticky":false,"template":"","format":"standard","meta":{"footnotes":""},"categories":[1],"tags":[],"class_list":["post-1579","post","type-post","status-publish","format-standard","has-post-thumbnail","hentry","category-egyeb","wpcat-1-id"],"_links":{"self":[{"href":"https:\/\/wofvideo.pro\/mostjott\/wp-json\/wp\/v2\/posts\/1579","targetHints":{"allow":["GET"]}}],"collection":[{"href":"https:\/\/wofvideo.pro\/mostjott\/wp-json\/wp\/v2\/posts"}],"about":[{"href":"https:\/\/wofvideo.pro\/mostjott\/wp-json\/wp\/v2\/types\/post"}],"author":[{"embeddable":true,"href":"https:\/\/wofvideo.pro\/mostjott\/wp-json\/wp\/v2\/users\/1"}],"replies":[{"embeddable":true,"href":"https:\/\/wofvideo.pro\/mostjott\/wp-json\/wp\/v2\/comments?post=1579"}],"version-history":[{"count":1,"href":"https:\/\/wofvideo.pro\/mostjott\/wp-json\/wp\/v2\/posts\/1579\/revisions"}],"predecessor-version":[{"id":1581,"href":"https:\/\/wofvideo.pro\/mostjott\/wp-json\/wp\/v2\/posts\/1579\/revisions\/1581"}],"wp:featuredmedia":[{"embeddable":true,"href":"https:\/\/wofvideo.pro\/mostjott\/wp-json\/wp\/v2\/media\/1580"}],"wp:attachment":[{"href":"https:\/\/wofvideo.pro\/mostjott\/wp-json\/wp\/v2\/media?parent=1579"}],"wp:term":[{"taxonomy":"category","embeddable":true,"href":"https:\/\/wofvideo.pro\/mostjott\/wp-json\/wp\/v2\/categories?post=1579"},{"taxonomy":"post_tag","embeddable":true,"href":"https:\/\/wofvideo.pro\/mostjott\/wp-json\/wp\/v2\/tags?post=1579"}],"curies":[{"name":"wp","href":"https:\/\/api.w.org\/{rel}","templated":true}]}}