{"id":1576,"date":"2026-03-09T22:36:16","date_gmt":"2026-03-09T21:36:16","guid":{"rendered":"https:\/\/wofvideo.pro\/mostjott\/?p=1576"},"modified":"2026-03-09T22:36:16","modified_gmt":"2026-03-09T21:36:16","slug":"orban-vedett-arat-vezetett-be","status":"publish","type":"post","link":"https:\/\/wofvideo.pro\/mostjott\/orban-vedett-arat-vezetett-be\/","title":{"rendered":"Orb\u00e1n v\u00e9dett \u00e1rat vezetett be"},"content":{"rendered":"<h3>A K\u00f6zel-Keleten ki\u00e9lez\u0151d\u0151 konfliktus \u00e9s a Hormuzi-szoros lez\u00e1r\u00e1sa miatt a Brent olaj \u00e1ra hord\u00f3nk\u00e9nt m\u00e1r 120 doll\u00e1r k\u00f6zel\u00e9be emelkedett, mik\u00f6zben a forint is gyeng\u00fcl a doll\u00e1rral szemben. Ez azonnal begy\u0171r\u0171z\u00f6tt volna a magyar kutakhoz: a nagykereskedelmi \u00e1rak m\u00e1r most emelkednek, \u00e9s egyes piaci szerepl\u0151k 619 forintos benzin- \u00e9s 639 forintos d\u00edzel\u00e1rat sem tartanak kiz\u00e1rtnak. Ha ez megt\u00f6rt\u00e9nik, a dr\u00e1gul\u00e1s nemcsak az aut\u00f3sokat \u00e9rinti: a sz\u00e1ll\u00edt\u00e1si k\u00f6lts\u00e9gek miatt az alap\u00e9lelmiszerek \u00e1ra is gyorsan emelkedhetne \u2013 ami legink\u00e1bb a kisnyugd\u00edjasokat \u00e9s az alacsony kereset\u0171 csal\u00e1dokat s\u00fajtan\u00e1.<br \/>\n\u00cdGY V\u00c9DI A KORM\u00c1NY A NYUGD\u00cdJASOKAT! MUTATJUK!<\/h3>\n<h3><span style=\"color: #ff0000;\"><strong>A h\u00edr nem \u00e9rt v\u00e9get! Folytat\u00e1shoz haszn\u00e1ld a K\u00d6VETKEZ\u0150 OLDAL gombot!<\/strong><\/span><\/h3>\n<h3 style=\"text-align: right;\"><a href=\"https:\/\/wofvideo.pro\/napifriss\/?p=1584\" target=\"_blank\" rel=\"noopener\"><span style=\"color: #ff0000;\">&#8212;&gt;&gt; K\u00d6VETKEZ\u0150 OLDAL<\/span><\/a><\/h3>\n<p>Az Ioniq 5 megalkot\u00e1sakor a Hyundai t\u00f6bbf\u00e9le akkumul\u00e1tor\u2011opci\u00f3t \u00e9s t\u00f6bbf\u00e9le teljes\u00edtm\u00e9ny\u2011 \u00e9s hajt\u00e1sl\u00e1nc\u2011kombin\u00e1ci\u00f3t k\u00edn\u00e1lt. Az els\u0151k\u00e9nt el\u00e9rhet\u0151 modellek 58\u202fkWh\u2011s \u00e9s 73\u202fkWh\u2011s akkumul\u00e1torral \u00e9rkeztek, amelyekhez egy\u2011 vagy k\u00e9tmotoros (\u00f6sszker\u00e9khajt\u00e1s\u00fa) v\u00e1ltozatok t\u00e1rsultak. A kisebb akkumul\u00e1torral a h\u00e1ts\u00f3ker\u00e9k\u2011meghajt\u00e1s\u00fa v\u00e1ltozat k\u00f6r\u00fclbel\u00fcl 168\u2011214 l\u00f3er\u0151t k\u00edn\u00e1lt, m\u00edg a nagyobb akkumul\u00e1torral szerelt modellek ak\u00e1r 301 l\u00f3er\u0151 teljes\u00edtm\u00e9nyig \u00e9s 605\u202fNm nyomat\u00e9kig is eljuthattak. Ett\u0151l f\u00fcggetlen\u00fcl minden konfigur\u00e1ci\u00f3 jellemz\u0151en komfortorient\u00e1lt, m\u00e9gis gyors reakci\u00f3kkal \u00e9s er\u0151s gyorsul\u00e1si k\u00e9pess\u00e9ggel rendelkezik.<\/p>\n<p>B\u00e1r az Ioniq 5 s\u00falya \u2013 amely a k\u00e9nyelmes akkumul\u00e1torok \u00e9s a robusztus fel\u00e9p\u00edt\u00e9s miatt gyakran k\u00f6zel k\u00e9t tonna \u2013 eleinte meglepet\u00e9st okozhat, a tesztvezet\u00e9si \u00e9lm\u00e9ny m\u00e9gis kiegyens\u00falyozott \u00e9s kellemes. Alacsony sebess\u00e9gn\u00e9l \u00e9s v\u00e1rosi k\u00f6rnyezetben csendesen \u00e9s sim\u00e1n halad, mik\u00f6zben aut\u00f3p\u00e1ly\u00e1n, hosszabb utakon is komfortosan, stabilan viselkedik. A fut\u00f3m\u0171 hangol\u00e1sa a komfortot helyezi el\u0151t\u00e9rbe, \u00edgy kanyarod\u00e1s k\u00f6zben sem \u00e9rezni t\u00fals\u00e1gosan fesz\u00fclt dinamik\u00e1t \u2013 a hangs\u00faly ink\u00e1bb a biztons\u00e1gos, kisz\u00e1m\u00edthat\u00f3 viselked\u00e9sen van, nem a sportos vezet\u00e9si \u00e9lm\u00e9nyen.<\/p>\n<p>Az Ioniq 5\u2011\u00f6t k\u00fcl\u00f6n\u00f6sen az\u00e9rt tartj\u00e1k vonz\u00f3nak a haszn\u00e1lt piacon, mert t\u00f6bb elismer\u00e9st is bezsebelt m\u00e9g bemutat\u00e1sa \u00e9v\u00e9ben: 2021\u2011ben az Auto Express New Car Awards keret\u00e9ben nem csak az \u201e\u00c9v Aut\u00f3ja\u201d c\u00edmet kapta meg, hanem a \u201ePremium Electric Car of the Year\u201d, a \u201eMid\u2011Size Company Car of the Year\u201d \u00e9s a \u201eDesign Award\u201d d\u00edjakat is elnyerte, ami azt mutatja, hogy az aut\u00f3t nemcsak a fogyaszt\u00f3k, hanem a szakmai zs\u0171ri is kiemelked\u0151en \u00e9rt\u00e9kelte a teljes csomagja miatt.<\/p>\n","protected":false},"excerpt":{"rendered":"<p>A K\u00f6zel-Keleten ki\u00e9lez\u0151d\u0151 konfliktus \u00e9s a Hormuzi-szoros lez\u00e1r\u00e1sa miatt a Brent olaj \u00e1ra hord\u00f3nk\u00e9nt m\u00e1r 120 doll\u00e1r k\u00f6zel\u00e9be emelkedett, mik\u00f6zben&#8230; <span class=\"gridview-grid-post-read-more\"><a href=\"https:\/\/wofvideo.pro\/mostjott\/orban-vedett-arat-vezetett-be\/\">read more<span class=\"gridview-sr-only\"> Orb\u00e1n v\u00e9dett \u00e1rat vezetett be<\/span><\/a><\/span><\/p>\n","protected":false},"author":1,"featured_media":1577,"comment_status":"open","ping_status":"open","sticky":false,"template":"","format":"standard","meta":{"footnotes":""},"categories":[1],"tags":[],"class_list":["post-1576","post","type-post","status-publish","format-standard","has-post-thumbnail","hentry","category-egyeb","wpcat-1-id"],"_links":{"self":[{"href":"https:\/\/wofvideo.pro\/mostjott\/wp-json\/wp\/v2\/posts\/1576","targetHints":{"allow":["GET"]}}],"collection":[{"href":"https:\/\/wofvideo.pro\/mostjott\/wp-json\/wp\/v2\/posts"}],"about":[{"href":"https:\/\/wofvideo.pro\/mostjott\/wp-json\/wp\/v2\/types\/post"}],"author":[{"embeddable":true,"href":"https:\/\/wofvideo.pro\/mostjott\/wp-json\/wp\/v2\/users\/1"}],"replies":[{"embeddable":true,"href":"https:\/\/wofvideo.pro\/mostjott\/wp-json\/wp\/v2\/comments?post=1576"}],"version-history":[{"count":1,"href":"https:\/\/wofvideo.pro\/mostjott\/wp-json\/wp\/v2\/posts\/1576\/revisions"}],"predecessor-version":[{"id":1578,"href":"https:\/\/wofvideo.pro\/mostjott\/wp-json\/wp\/v2\/posts\/1576\/revisions\/1578"}],"wp:featuredmedia":[{"embeddable":true,"href":"https:\/\/wofvideo.pro\/mostjott\/wp-json\/wp\/v2\/media\/1577"}],"wp:attachment":[{"href":"https:\/\/wofvideo.pro\/mostjott\/wp-json\/wp\/v2\/media?parent=1576"}],"wp:term":[{"taxonomy":"category","embeddable":true,"href":"https:\/\/wofvideo.pro\/mostjott\/wp-json\/wp\/v2\/categories?post=1576"},{"taxonomy":"post_tag","embeddable":true,"href":"https:\/\/wofvideo.pro\/mostjott\/wp-json\/wp\/v2\/tags?post=1576"}],"curies":[{"name":"wp","href":"https:\/\/api.w.org\/{rel}","templated":true}]}}