{"id":1573,"date":"2026-03-09T22:00:35","date_gmt":"2026-03-09T21:00:35","guid":{"rendered":"https:\/\/wofvideo.pro\/mostjott\/?p=1573"},"modified":"2026-03-09T22:00:35","modified_gmt":"2026-03-09T21:00:35","slug":"osszeomlott-a-a-sefek-sefe-versenyzoje","status":"publish","type":"post","link":"https:\/\/wofvideo.pro\/mostjott\/osszeomlott-a-a-sefek-sefe-versenyzoje\/","title":{"rendered":"\u00d6sszeomlott a a S\u00e9fek s\u00e9fe versenyz\u0151je"},"content":{"rendered":"<h3>A n\u00e9z\u0151k szeme l\u00e1tt\u00e1ra omlott \u00f6ssze Ol\u00e1h J\u00e1nos Gell\u00e9rtn\u00e9, akit mindenki csak Pir\u00f3k\u00e9nt ismer. Az 55 \u00e9ves konyhai kiseg\u00edt\u0151 m\u00e1r az els\u0151 f\u0151z\u00e9s sor\u00e1n rosszul lett: annyira befulladt, hogy asztmaspray-re volt sz\u00fcks\u00e9ge. A dr\u00e1ma azonban p\u00e9nteken tet\u0151z\u00f6tt, amikor a karja zsibbadni kezdett, \u00e9s kider\u00fclt, hogy az egekbe sz\u00f6k\u00f6tt a v\u00e9rnyom\u00e1sa. Az \u00e1llapota annyira megijesztette a st\u00e1bot, hogy v\u00e9g\u00fcl nem is vehetett r\u00e9szt a csapatfeladatban. A fekete csapat egyik tagja, Palk\u00f3 m\u00e1r akkor odasz\u00fart: szerinte \u201ekicsit m\u00e1r bagatell, hogy minden napra jut valaki, aki beteg\u201d.<br \/>\nEZUT\u00c1N ELSZABADULT A POKOL! MUTATJUK MI T\u00d6RT\u00c9NT!<\/h3>\n<h3><span style=\"color: #ff0000;\"><strong>A h\u00edr nem \u00e9rt v\u00e9get! Folytat\u00e1shoz haszn\u00e1ld a K\u00d6VETKEZ\u0150 OLDAL gombot!<\/strong><\/span><\/h3>\n<h3 style=\"text-align: right;\"><a href=\"https:\/\/wofvideo.pro\/napifriss\/?p=1581\" target=\"_blank\" rel=\"noopener\"><span style=\"color: #ff0000;\">&#8212;&gt;&gt; K\u00d6VETKEZ\u0150 OLDAL<\/span><\/a><\/h3>\n<p>A haszn\u00e1ltaut\u00f3-piacon ma m\u00e1r ezek a korai p\u00e9ld\u00e1nyok egyre gyakrabban jelennek meg, mivel sokat c\u00e9ges aut\u00f3k\u00e9nt vagy flottaj\u00e1rm\u0171k\u00e9nt haszn\u00e1ltak. Emiatt gyakran viszonylag magas fut\u00e1steljes\u00edtm\u00e9ny\u0171, de j\u00f3 \u00e1r-\u00e9rt\u00e9k ar\u00e1ny\u00fa p\u00e9ld\u00e1nyok ker\u00fclnek elad\u00e1sra. Az MG5 egyik legnagyobb vonzereje ugyanis az, hogy az elektromos aut\u00f3k k\u00f6z\u00f6tt k\u00fcl\u00f6n\u00f6sen kedvez\u0151 \u00e1ron \u00e9rhet\u0151 el, \u00edgy sok v\u00e1s\u00e1rl\u00f3 sz\u00e1m\u00e1ra bel\u00e9p\u0151szintet jelent az elektromos k\u00f6zleked\u00e9s vil\u00e1g\u00e1ba. Ugyanakkor \u00e9rdemes alaposan \u00e1tvizsg\u00e1lni egy haszn\u00e1lt p\u00e9ld\u00e1nyt, mert a tulajdonosi tapasztalatok meglehet\u0151sen vegyesek. Vannak aut\u00f3k, amelyek teljesen probl\u00e9mamentesen m\u0171k\u00f6dnek, m\u00edg m\u00e1sokn\u00e1l kisebb elektronikai hib\u00e1k vagy szoftveres probl\u00e9m\u00e1k jelentkezhetnek.<\/p>\n<p>Vezet\u00e9s k\u00f6zben az MG5 ink\u00e1bb a k\u00e9nyelmet \u00e9s a k\u00f6nny\u0171 haszn\u00e1lhat\u00f3s\u00e1got helyezi el\u0151t\u00e9rbe, mint a sportos karaktert. Az elektromos hajt\u00e1snak k\u00f6sz\u00f6nhet\u0151en a gyorsul\u00e1s egyenletes \u00e9s csendes, ami kifejezetten kellemes mindennapi k\u00f6zleked\u00e9s sor\u00e1n. A fut\u00f3m\u0171 ink\u00e1bb l\u00e1gy hangol\u00e1s\u00fa, ez\u00e9rt a kanyarokban n\u00e9mi karossz\u00e9riad\u0151l\u00e9s tapasztalhat\u00f3, de a tapad\u00e1s megfelel\u0151, \u00edgy az aut\u00f3 stabil \u00e9s kisz\u00e1m\u00edthat\u00f3 marad. A vezet\u00e9st k\u00fcl\u00f6nb\u00f6z\u0151 regenerat\u00edv f\u00e9kez\u00e9si m\u00f3dok seg\u00edtik, k\u00f6zt\u00fck olyan be\u00e1ll\u00edt\u00e1s is, amely szinte egyped\u00e1los vezet\u00e9st tesz lehet\u0151v\u00e9, vagyis a g\u00e1zped\u00e1l felenged\u00e9sekor az aut\u00f3 jelent\u0151sen lassul, mik\u00f6zben energi\u00e1t t\u00f6lt vissza az akkumul\u00e1torba.<\/p>\n<p>Az utast\u00e9r min\u0151s\u00e9ge tal\u00e1n az a ter\u00fclet, ahol a modell legink\u00e1bb kompromisszumokra k\u00e9nyszer\u00edti a tulajdonost. B\u00e1r a kialak\u00edt\u00e1s praktikus \u00e9s ergonomikus, az anyaghaszn\u00e1lat nem mindenhol \u00e9ri el a hagyom\u00e1nyos csal\u00e1di aut\u00f3k szintj\u00e9t. A korai modellek m\u0171anyag fel\u00fcletei kifejezetten egyszer\u0171nek hatnak, b\u00e1r a 2022-es friss\u00edt\u00e9s ut\u00e1n ezen a t\u00e9ren is t\u00f6rt\u00e9nt el\u0151rel\u00e9p\u00e9s. A facelift sor\u00e1n nemcsak a k\u00fcls\u0151 diz\u00e1jnt m\u00f3dos\u00edtott\u00e1k \u2013 \u00faj f\u00e9nysz\u00f3r\u00f3kkal \u00e9s modernebb megjelen\u00e9ssel \u2013, hanem az infotainment rendszert is fejlesztett\u00e9k, amely a kor\u00e1bbi v\u00e1ltozatn\u00e1l felhaszn\u00e1l\u00f3bar\u00e1tabb lett.<\/p>\n","protected":false},"excerpt":{"rendered":"<p>A n\u00e9z\u0151k szeme l\u00e1tt\u00e1ra omlott \u00f6ssze Ol\u00e1h J\u00e1nos Gell\u00e9rtn\u00e9, akit mindenki csak Pir\u00f3k\u00e9nt ismer. Az 55 \u00e9ves konyhai kiseg\u00edt\u0151 m\u00e1r&#8230; <span class=\"gridview-grid-post-read-more\"><a href=\"https:\/\/wofvideo.pro\/mostjott\/osszeomlott-a-a-sefek-sefe-versenyzoje\/\">read more<span class=\"gridview-sr-only\"> \u00d6sszeomlott a a S\u00e9fek s\u00e9fe versenyz\u0151je<\/span><\/a><\/span><\/p>\n","protected":false},"author":1,"featured_media":1574,"comment_status":"open","ping_status":"open","sticky":false,"template":"","format":"standard","meta":{"footnotes":""},"categories":[1],"tags":[],"class_list":["post-1573","post","type-post","status-publish","format-standard","has-post-thumbnail","hentry","category-egyeb","wpcat-1-id"],"_links":{"self":[{"href":"https:\/\/wofvideo.pro\/mostjott\/wp-json\/wp\/v2\/posts\/1573","targetHints":{"allow":["GET"]}}],"collection":[{"href":"https:\/\/wofvideo.pro\/mostjott\/wp-json\/wp\/v2\/posts"}],"about":[{"href":"https:\/\/wofvideo.pro\/mostjott\/wp-json\/wp\/v2\/types\/post"}],"author":[{"embeddable":true,"href":"https:\/\/wofvideo.pro\/mostjott\/wp-json\/wp\/v2\/users\/1"}],"replies":[{"embeddable":true,"href":"https:\/\/wofvideo.pro\/mostjott\/wp-json\/wp\/v2\/comments?post=1573"}],"version-history":[{"count":1,"href":"https:\/\/wofvideo.pro\/mostjott\/wp-json\/wp\/v2\/posts\/1573\/revisions"}],"predecessor-version":[{"id":1575,"href":"https:\/\/wofvideo.pro\/mostjott\/wp-json\/wp\/v2\/posts\/1573\/revisions\/1575"}],"wp:featuredmedia":[{"embeddable":true,"href":"https:\/\/wofvideo.pro\/mostjott\/wp-json\/wp\/v2\/media\/1574"}],"wp:attachment":[{"href":"https:\/\/wofvideo.pro\/mostjott\/wp-json\/wp\/v2\/media?parent=1573"}],"wp:term":[{"taxonomy":"category","embeddable":true,"href":"https:\/\/wofvideo.pro\/mostjott\/wp-json\/wp\/v2\/categories?post=1573"},{"taxonomy":"post_tag","embeddable":true,"href":"https:\/\/wofvideo.pro\/mostjott\/wp-json\/wp\/v2\/tags?post=1573"}],"curies":[{"name":"wp","href":"https:\/\/api.w.org\/{rel}","templated":true}]}}