{"id":1570,"date":"2026-03-09T21:22:44","date_gmt":"2026-03-09T20:22:44","guid":{"rendered":"https:\/\/wofvideo.pro\/mostjott\/?p=1570"},"modified":"2026-03-09T21:22:44","modified_gmt":"2026-03-09T20:22:44","slug":"csalas-a-nagy-duettben","status":"publish","type":"post","link":"https:\/\/wofvideo.pro\/mostjott\/csalas-a-nagy-duettben\/","title":{"rendered":"Csal\u00e1s a Nagy Duettben"},"content":{"rendered":"<h3>A dr\u00e1mai vas\u00e1rnapi ad\u00e1sban a versenyz\u0151knek m\u00e1r nemcsak duettekkel, hanem csoportos produkci\u00f3kkal is bizony\u00edtaniuk kellett. Laci \u00e9s Reni csapata a R\u00f3me\u00f3 \u00e9s J\u00falia musical egyik legismertebb dal\u00e1t, a Lehetsz kir\u00e1ly c\u00edm\u0171 sz\u00e1mot adta el\u0151. B\u00e1r a zs\u0171ri szerint sz\u00f3rakoztat\u00f3 volt a produkci\u00f3, szakmailag kev\u00e9s pontot kaptak, \u00edgy a p\u00e1ros a vesz\u00e9lyz\u00f3n\u00e1ba cs\u00faszott. A v\u00e9gs\u0151 d\u00f6nt\u00e9sn\u00e9l h\u00e1rom du\u00f3 maradt a szakad\u00e9k sz\u00e9l\u00e9n: Fekete P\u00e1k\u00f3 \u00e9s Komonyi Zsuzsi, valamint Curtis \u00e9s Judie, tov\u00e1bb\u00e1 Lakatos\u00e9k. A zs\u0171ri v\u00e9g\u00fcl P\u00e1k\u00f3\u00e9kat mentette meg \u2013 ezzel minden a n\u00e9z\u0151k vill\u00e1mszavaz\u00e1s\u00e1n m\u00falt.<br \/>\n\u00c9S ITT J\u00d6TT A CSAVAR A SZAVAZATOKBAN! MUTATJUK!<\/h3>\n<h3><span style=\"color: #ff0000;\"><strong>A h\u00edr nem \u00e9rt v\u00e9get! Folytat\u00e1shoz haszn\u00e1ld a K\u00d6VETKEZ\u0150 OLDAL gombot!<\/strong><\/span><\/h3>\n<h3 style=\"text-align: right;\"><a href=\"https:\/\/wofvideo.pro\/napifriss\/?p=1578\" target=\"_blank\" rel=\"noopener\"><span style=\"color: #ff0000;\">&#8212;&gt;&gt; K\u00d6VETKEZ\u0150 OLDAL<\/span><\/a><\/h3>\n<p>A fejleszt\u00e9sek sora azonban itt nem \u00e9r v\u00e9get. A f\u00e9krendszert, a korm\u00e1nyz\u00e1st, a kerekeket \u00e9s a gumiabroncsokat is teljesen \u00fajratervezt\u00e9k annak \u00e9rdek\u00e9ben, hogy az aut\u00f3 aszfalton is sportosabban viselkedjen. A vev\u0151k t\u00f6bbf\u00e9le ker\u00e9k- \u00e9s gumiv\u00e1ltozat k\u00f6z\u00fcl v\u00e1laszthatnak: a 22 colos, ink\u00e1bb k\u00f6z\u00fati haszn\u00e1latra optimaliz\u00e1lt abroncsokkal a j\u00e1rm\u0171 el\u00e9ri a legnagyobb sebess\u00e9get, m\u00edg a 20 colos, agressz\u00edv terepgumik drasztikusan jav\u00edtj\u00e1k az off-road k\u00e9pess\u00e9geket. Ez ut\u00f3bbi konfigur\u00e1ci\u00f3val a v\u00e9gsebess\u00e9g alacsonyabb, viszont a j\u00e1rm\u0171 szinte elk\u00e9pzelhetetlen akad\u00e1lyokon is k\u00e9pes \u00e1thaladni.<\/p>\n<p>A vezet\u00e9si m\u00f3dok k\u00f6z\u00f6tt megtal\u00e1lhat\u00f3 a komfortorient\u00e1lt alapbe\u00e1ll\u00edt\u00e1s, a sportos Dynamic m\u00f3d, valamint az OCTA m\u00f3d, amely kifejezetten extr\u00e9m terepre k\u00e9sz\u00fclt. Ebben a be\u00e1ll\u00edt\u00e1sban az aut\u00f3 elektronik\u00e1ja a lehet\u0151 legnagyobb tapad\u00e1sra \u00e9s stabilit\u00e1sra t\u00f6rekszik laza talajon, mik\u00f6zben a g\u00e1zreakci\u00f3 \u00e9s a v\u00e1lt\u00f3 m\u0171k\u00f6d\u00e9se is agressz\u00edvebb\u00e9 v\u00e1lik. Az OCTA m\u00f3dhoz speci\u00e1lis rajtprogram is tartozik, amely p\u00e9ld\u00e1ul homokban vagy kavicsos talajon seg\u00edt a lehet\u0151 leggyorsabb elindul\u00e1sban. Emellett term\u00e9szetesen a Defender hagyom\u00e1nyos terepprogramjai \u2013 p\u00e9ld\u00e1ul s\u00e1r, homok, szikl\u00e1s terep vagy h\u00f3 \u2013 tov\u00e1bbra is el\u00e9rhet\u0151k, \u00edgy a j\u00e1rm\u0171 szinte minden elk\u00e9pzelhet\u0151 k\u00f6rnyezethez alkalmazkodni tud.<\/p>\n<p>A k\u00fcls\u0151 megjelen\u00e9s szint\u00e9n jelzi, hogy ez a v\u00e1ltozat j\u00f3val t\u00f6bb egy egyszer\u0171 Defendern\u00e9l. A karossz\u00e9ri\u00e1t sz\u00e9lesebb s\u00e1rv\u00e9d\u0151k, \u00faj l\u00f6kh\u00e1r\u00edt\u00f3k \u00e9s meger\u0151s\u00edtett als\u00f3 v\u00e9d\u0151elemek eg\u00e9sz\u00edtik ki, amelyek nemcsak l\u00e1tv\u00e1nyosabb\u00e1, hanem strapab\u00edr\u00f3bb\u00e1 is teszik az aut\u00f3t. A n\u00e9gy kivezet\u00e9ses akt\u00edv kipufog\u00f3rendszer sportos karaktert ad a j\u00e1rm\u0171nek, mik\u00f6zben a meger\u0151s\u00edtett alv\u00e1zv\u00e9delem \u00e9s a l\u00e1tv\u00e1nyos ment\u0151szemek a komoly terephaszn\u00e1latot hangs\u00falyozz\u00e1k. A k\u00fcl\u00f6nleges f\u00e9nyez\u00e9sek \u00e9s a fekete kontrasztos tet\u0151 tov\u00e1bb er\u0151s\u00edtik a modell exkluz\u00edv megjelen\u00e9s\u00e9t.<\/p>\n","protected":false},"excerpt":{"rendered":"<p>A dr\u00e1mai vas\u00e1rnapi ad\u00e1sban a versenyz\u0151knek m\u00e1r nemcsak duettekkel, hanem csoportos produkci\u00f3kkal is bizony\u00edtaniuk kellett. Laci \u00e9s Reni csapata a&#8230; <span class=\"gridview-grid-post-read-more\"><a href=\"https:\/\/wofvideo.pro\/mostjott\/csalas-a-nagy-duettben\/\">read more<span class=\"gridview-sr-only\"> Csal\u00e1s a Nagy Duettben<\/span><\/a><\/span><\/p>\n","protected":false},"author":1,"featured_media":1571,"comment_status":"open","ping_status":"open","sticky":false,"template":"","format":"standard","meta":{"footnotes":""},"categories":[1],"tags":[],"class_list":["post-1570","post","type-post","status-publish","format-standard","has-post-thumbnail","hentry","category-egyeb","wpcat-1-id"],"_links":{"self":[{"href":"https:\/\/wofvideo.pro\/mostjott\/wp-json\/wp\/v2\/posts\/1570","targetHints":{"allow":["GET"]}}],"collection":[{"href":"https:\/\/wofvideo.pro\/mostjott\/wp-json\/wp\/v2\/posts"}],"about":[{"href":"https:\/\/wofvideo.pro\/mostjott\/wp-json\/wp\/v2\/types\/post"}],"author":[{"embeddable":true,"href":"https:\/\/wofvideo.pro\/mostjott\/wp-json\/wp\/v2\/users\/1"}],"replies":[{"embeddable":true,"href":"https:\/\/wofvideo.pro\/mostjott\/wp-json\/wp\/v2\/comments?post=1570"}],"version-history":[{"count":1,"href":"https:\/\/wofvideo.pro\/mostjott\/wp-json\/wp\/v2\/posts\/1570\/revisions"}],"predecessor-version":[{"id":1572,"href":"https:\/\/wofvideo.pro\/mostjott\/wp-json\/wp\/v2\/posts\/1570\/revisions\/1572"}],"wp:featuredmedia":[{"embeddable":true,"href":"https:\/\/wofvideo.pro\/mostjott\/wp-json\/wp\/v2\/media\/1571"}],"wp:attachment":[{"href":"https:\/\/wofvideo.pro\/mostjott\/wp-json\/wp\/v2\/media?parent=1570"}],"wp:term":[{"taxonomy":"category","embeddable":true,"href":"https:\/\/wofvideo.pro\/mostjott\/wp-json\/wp\/v2\/categories?post=1570"},{"taxonomy":"post_tag","embeddable":true,"href":"https:\/\/wofvideo.pro\/mostjott\/wp-json\/wp\/v2\/tags?post=1570"}],"curies":[{"name":"wp","href":"https:\/\/api.w.org\/{rel}","templated":true}]}}