{"id":1421,"date":"2026-02-25T20:08:32","date_gmt":"2026-02-25T19:08:32","guid":{"rendered":"https:\/\/wofvideo.pro\/mostjott\/?p=1421"},"modified":"2026-02-25T20:08:32","modified_gmt":"2026-02-25T19:08:32","slug":"most-erkezett-a-rettenetes-hir-janicsak-vecarol","status":"publish","type":"post","link":"https:\/\/wofvideo.pro\/mostjott\/most-erkezett-a-rettenetes-hir-janicsak-vecarol\/","title":{"rendered":"Most \u00e9rkezett a rettenetes h\u00edr Janics\u00e1k Vec\u00e1r\u00f3l"},"content":{"rendered":"<h3>A dr\u00e1ma egy \u00e1rtatlannak t\u0171n\u0151 rutinsz\u0171r\u00e9s ut\u00e1n kezd\u0151d\u00f6tt. H\u00e9tv\u00e9ge volt. Cs\u00f6rg\u00f6tt a telefon. Az orvos h\u00edvta. M\u00e1r ez \u00f6nmag\u00e1ban balj\u00f3s jel. A besz\u00e9lget\u00e9s r\u00f6vid volt, m\u00e9gis sorsford\u00edt\u00f3. \u201e30 \u00e9vesen kellett meghoznom ezt a s\u00falyos d\u00f6nt\u00e9st\u201d \u2013 id\u00e9zte fel remeg\u0151 hangon. A vonal t\u00fals\u00f3 v\u00e9g\u00e9n k\u00f6z\u00f6lt\u00e9k vele: m\u00e9hnyakr\u00e1kot tal\u00e1ltak n\u00e1la. Azonnali m\u0171t\u00e9tre van sz\u00fcks\u00e9g. B\u00e1r pr\u00f3b\u00e1lt\u00e1k nyugtatni, hogy kezelhet\u0151, a sz\u00f3, hogy r\u00e1k, mindent els\u00f6pr\u0151 er\u0151vel zuhant r\u00e1. A kor\u00e1bbi, fiatalon elszenvedett ritka felkar-tromb\u00f3zisa, a rengeteg stressz \u00e9s a k\u00f6r\u00fcl\u00f6tte l\u00e9v\u0151 \u201erossz leveg\u0151\u201d csak tov\u00e1bb \u00e1rnyalta a k\u00e9pet. A teste m\u00e1r kor\u00e1bban is jelzett \u2013 de a v\u00e9gs\u0151 diagn\u00f3zis megsz\u00fcletett.<br \/>\nMUTATJUK A R\u00c9SZLETEKET!<\/h3>\n<h3><span style=\"color: #ff0000;\"><strong>A h\u00edr nem \u00e9rt v\u00e9get! Folytat\u00e1shoz haszn\u00e1ld a K\u00d6VETKEZ\u0150 OLDAL gombot!<\/strong><\/span><\/h3>\n<h3 style=\"text-align: right;\"><a href=\"https:\/\/wofvideo.pro\/napifriss\/?p=1429\" target=\"_blank\" rel=\"noopener\"><span style=\"color: #ff0000;\">&#8212;&gt;&gt; K\u00d6VETKEZ\u0150 OLDAL<\/span><\/a><\/h3>\n<p>A Omoda 9-es egy teljesen \u00faj, k\u00f6z\u00e9pkateg\u00f3ri\u00e1s plug-in hibrid SUV, amelyet a viszonylag frissen alakult k\u00ednai m\u00e1rka, az Omoda k\u00edn\u00e1l, amely a nagy aut\u00f3ipari konszern Chery al\u00e1 tartozik. Ez a modell a m\u00e1rka z\u00e1szl\u00f3shaj\u00f3ja \u00e9s egyben legnagyobb SUV-ja, amelyet \u00fagy terveztek, hogy a hagyom\u00e1nyosan eur\u00f3pai \u00e9s jap\u00e1n pr\u00e9mium k\u00f6z\u00e9pkateg\u00f3ri\u00e1s terepj\u00e1r\u00f3k ellen versenyezzen, mik\u00f6zben vonz\u00f3 \u00e1r-\u00e9rt\u00e9k ar\u00e1nyt k\u00edn\u00e1l. A m\u00e1rka kor\u00e1bbi modelljei, mint p\u00e9ld\u00e1ul az Omoda 5 \u00e9s az E5, m\u00e1r hozz\u00e1j\u00e1rultak ahhoz, hogy a k\u00ednai aut\u00f3k eur\u00f3pai piaci r\u00e9szesed\u00e9se gyorsan n\u00f6vekedjen, de a 9-es igazi m\u00e9rf\u00f6ldk\u0151nek tekinthet\u0151 ebben a t\u00f6rekv\u00e9sben.<\/p>\n<p>Amikor bele\u00fcl\u00fcnk az Omoda 9-esbe, egy olyan kompromisszum n\u00e9lk\u00fcli benyom\u00e1st kapunk, amelyet sokan ak\u00e1r pr\u00e9mium kateg\u00f3ri\u00e1s aut\u00f3k\u00e9nt jellemezn\u00e9nek, ha nem lenne rajta k\u00ednai m\u00e1rkajelz\u00e9s. A karossz\u00e9ria formailag a jelenlegi SUV trendeket k\u00f6veti: mark\u00e1ns, coupe-szer\u0171 vonalvezet\u00e9st mutat, ami azt a benyom\u00e1st kelti, hogy a karossz\u00e9ri\u00e1t nem puszt\u00e1n funkci\u00f3ra, hanem eszt\u00e9tik\u00e1ra is tervezt\u00e9k. A LED f\u00e9nysz\u00f3r\u00f3k \u00e9s h\u00e1ts\u00f3 l\u00e1mp\u00e1k modern megjelen\u00e9st adnak a j\u00e1rm\u0171nek, a h\u0171t\u0151r\u00e1cs r\u00e9szletgazdag mint\u00e1zata pedig egyedi karaktert k\u00f6lcs\u00f6n\u00f6z neki. B\u00e1r az Omoda 9 vizu\u00e1lisan is leny\u0171g\u00f6z\u0151, sok r\u00e9szlet nem felt\u00e9tlen\u00fcl pr\u00e9miumabb az eur\u00f3pai riv\u00e1lisokn\u00e1l, de az \u00f6sszk\u00e9p nagyon er\u0151s.<\/p>\n<p>A vezet\u0151\u00fcl\u00e9sbe helyezkedve el\u0151sz\u00f6r a nagym\u00e9ret\u0171, szinte \u201elebeg\u0151\u201d dupla kijelz\u0151s m\u0171szerfal ragadja meg a figyelmet, amely egyetlen, \u00edvelt 24,6-h\u00fcvelykes \u00e9rint\u0151panelb\u0151l \u00e1ll, \u00e9s mind az infotainment, mind a m\u0171szerfal funkci\u00f3it ell\u00e1tja. A bels\u0151 t\u00e9r kialak\u00edt\u00e1sa modern \u00e9s t\u00e1gas, a felhaszn\u00e1lt anyagok pedig \u00e9rezhet\u0151en jobbak, mint amit sok olcs\u00f3 k\u00ednai aut\u00f3ban megszokhattunk: puha tapint\u00e1s\u00fa m\u0171anyagok, veg\u00e1n b\u0151r bor\u00edt\u00e1sok \u00e9s finom r\u00e9szletek tal\u00e1lhat\u00f3k a karossz\u00e9ria bels\u0151 fel\u00fcletein. A bels\u0151 t\u00e9rben szerencs\u00e9re nem csup\u00e1n l\u00e1tv\u00e1nyoss\u00e1got tal\u00e1lunk, hanem a mindennapi haszn\u00e1latra alkalmas t\u00e1rol\u00f3helyeket \u00e9s logikus elrendez\u00e9st is, \u00edgy a csal\u00e1di aut\u00f3 szerep\u00e9t is k\u00f6nnyen bet\u00f6ltheti. A h\u00e1ts\u00f3 utasok sz\u00e1m\u00e1ra b\u0151s\u00e9ges l\u00e1bt\u00e9r \u00e9s fejmagass\u00e1g \u00e1ll rendelkez\u00e9sre, b\u00e1r a panor\u00e1matet\u0151 a sz\u00e9ls\u0151 \u00fcl\u00e9sekn\u00e9l kev\u00e9sb\u00e9 enged b\u0151s\u00e9ges headroomot, ami hosszabb utaz\u00e1sokn\u00e1l csal\u00e1dok eset\u00e9ben \u00e9rdemes lehet figyelembe venni.<\/p>\n","protected":false},"excerpt":{"rendered":"<p>A dr\u00e1ma egy \u00e1rtatlannak t\u0171n\u0151 rutinsz\u0171r\u00e9s ut\u00e1n kezd\u0151d\u00f6tt. H\u00e9tv\u00e9ge volt. Cs\u00f6rg\u00f6tt a telefon. Az orvos h\u00edvta. M\u00e1r ez \u00f6nmag\u00e1ban balj\u00f3s&#8230; <span class=\"gridview-grid-post-read-more\"><a href=\"https:\/\/wofvideo.pro\/mostjott\/most-erkezett-a-rettenetes-hir-janicsak-vecarol\/\">read more<span class=\"gridview-sr-only\"> Most \u00e9rkezett a rettenetes h\u00edr Janics\u00e1k Vec\u00e1r\u00f3l<\/span><\/a><\/span><\/p>\n","protected":false},"author":1,"featured_media":1422,"comment_status":"open","ping_status":"open","sticky":false,"template":"","format":"standard","meta":{"footnotes":""},"categories":[1],"tags":[],"class_list":["post-1421","post","type-post","status-publish","format-standard","has-post-thumbnail","hentry","category-egyeb","wpcat-1-id"],"_links":{"self":[{"href":"https:\/\/wofvideo.pro\/mostjott\/wp-json\/wp\/v2\/posts\/1421","targetHints":{"allow":["GET"]}}],"collection":[{"href":"https:\/\/wofvideo.pro\/mostjott\/wp-json\/wp\/v2\/posts"}],"about":[{"href":"https:\/\/wofvideo.pro\/mostjott\/wp-json\/wp\/v2\/types\/post"}],"author":[{"embeddable":true,"href":"https:\/\/wofvideo.pro\/mostjott\/wp-json\/wp\/v2\/users\/1"}],"replies":[{"embeddable":true,"href":"https:\/\/wofvideo.pro\/mostjott\/wp-json\/wp\/v2\/comments?post=1421"}],"version-history":[{"count":1,"href":"https:\/\/wofvideo.pro\/mostjott\/wp-json\/wp\/v2\/posts\/1421\/revisions"}],"predecessor-version":[{"id":1423,"href":"https:\/\/wofvideo.pro\/mostjott\/wp-json\/wp\/v2\/posts\/1421\/revisions\/1423"}],"wp:featuredmedia":[{"embeddable":true,"href":"https:\/\/wofvideo.pro\/mostjott\/wp-json\/wp\/v2\/media\/1422"}],"wp:attachment":[{"href":"https:\/\/wofvideo.pro\/mostjott\/wp-json\/wp\/v2\/media?parent=1421"}],"wp:term":[{"taxonomy":"category","embeddable":true,"href":"https:\/\/wofvideo.pro\/mostjott\/wp-json\/wp\/v2\/categories?post=1421"},{"taxonomy":"post_tag","embeddable":true,"href":"https:\/\/wofvideo.pro\/mostjott\/wp-json\/wp\/v2\/tags?post=1421"}],"curies":[{"name":"wp","href":"https:\/\/api.w.org\/{rel}","templated":true}]}}