{"id":1109,"date":"2026-02-01T15:42:38","date_gmt":"2026-02-01T14:42:38","guid":{"rendered":"https:\/\/wofvideo.pro\/mostjott\/?p=1109"},"modified":"2026-02-01T15:42:38","modified_gmt":"2026-02-01T14:42:38","slug":"kiderult-minden-fenyo-mikirol","status":"publish","type":"post","link":"https:\/\/wofvideo.pro\/mostjott\/kiderult-minden-fenyo-mikirol\/","title":{"rendered":"Kider\u00fclt minden Feny\u0151 Mikir\u0151l!"},"content":{"rendered":"<h3>Feny\u0151 Mikl\u00f3s az elm\u00falt h\u00f3napokban akt\u00edv koncertnapt\u00e1rral dolgozott, mik\u00f6zben hosszabb t\u00e1v\u00fa terveken is gondolkodott. A zen\u00e9sz novemberben Londonban j\u00e1rt egy fell\u00e9p\u00e9s \u00e9s egy mag\u00e1nprogram miatt, ezt k\u00f6vet\u0151en eg\u00e9szs\u00e9gi \u00e1llapota fokozatosan romlott. K\u00e9s\u0151bb k\u00f3rh\u00e1zba ker\u00fclt, ahol m\u00e1r nem tudta folytatni el\u0151k\u00e9sz\u00fcleteit a tervezett j\u00f6v\u0151beli projektekre, \u00edgy arra a nagydob\u00e1sra, amire R\u00f3zsa Istv\u00e1n menedzserrel k\u00e9sz\u00fcltek. az utaz\u00e1s alatt Feny\u0151 Mikl\u00f3s megf\u00e1zott, \u00e9s a k\u00e9s\u0151bbiekben m\u00e1r nem volt teljesen eg\u00e9szs\u00e9ges, b\u00e1r a december v\u00e9gi, Erkel Sz\u00ednh\u00e1zban tartott koncertj\u00e9n a k\u00f6z\u00f6ns\u00e9g ebb\u0151l semmit sem \u00e9rz\u00e9kelt. MUTATJUK A R\u00c9SZLETEKET!<\/h3>\n<h3><span style=\"color: #ff0000;\"><strong>A h\u00edr nem \u00e9rt v\u00e9get! Folytat\u00e1shoz haszn\u00e1ld a K\u00d6VETKEZ\u0150 OLDAL gombot!<\/strong><\/span><\/h3>\n<h3 style=\"text-align: right;\"><a href=\"https:\/\/wofvideo.pro\/napifriss\/?p=1111\" target=\"_blank\" rel=\"noopener\"><span style=\"color: #ff0000;\">&#8212;&gt;&gt; K\u00d6VETKEZ\u0150 OLDAL<\/span><\/a><\/h3>\n<p>&#8211;<\/p>\n<p>A Ferrari 488 GTB a m\u00e1rka hossz\u00fa, k\u00f6z\u00e9pmotoros sportaut\u00f3kat felvonultat\u00f3 sorozat\u00e1nak leg\u00fajabb tagja, \u00e9s sokak szerint ez a modell k\u00edn\u00e1lja eddig a legintenz\u00edvebb teljes\u00edtm\u00e9nyt. Gyors, rendk\u00edv\u00fcl \u00e9lvezetes vezetni, megjelen\u00e9se azonnal mag\u00e1ra vonja a tekinteteket, mik\u00f6zben a h\u00e1tul dolgoz\u00f3, \u00faj fejleszt\u00e9s\u0171, ikerturb\u00f3s V8-as motor val\u00f3di mesterm\u0171. Ez az er\u0151forr\u00e1s olyan szint\u0171 teljes\u00edtm\u00e9nyt ny\u00fajt, amely kor\u00e1bban csak kompromisszumokkal volt el\u00e9rhet\u0151, itt azonban mindez egy viszonylag j\u00f3l haszn\u00e1lhat\u00f3, mindennapokban sem kezelhetetlen csomagban jelenik meg.<\/p>\n<p>A 488 GTB kup\u00e9 v\u00e1ltozata valamivel \u00e9lesebb, prec\u00edzebb vezethet\u0151s\u00e9get k\u00edn\u00e1l, k\u00fcl\u00f6n\u00f6sen z\u00e1rt p\u00e1ly\u00e1n vagy nagyon temp\u00f3s szerpentines utakon. A nyitott tet\u0151s 488 Spider ezzel szemben m\u00e9g k\u00f6zelebb hozza a vezet\u0151t az \u00e9lm\u00e9nyhez: a sz\u00e9l, a motorhang \u00e9s a k\u00f6rnyezet k\u00f6zvetlenebb jelenl\u00e9te \u00e9rzelmileg m\u00e9g intenz\u00edvebb\u00e9 teszi az aut\u00f3z\u00e1st. A Spider eset\u00e9ben a V8-as motor hangja akad\u00e1lytalanul \u00e1ramlik az utast\u00e9rbe, ami k\u00fcl\u00f6nleges kapcsolatot teremt az aut\u00f3 \u00e9s a sof\u0151r k\u00f6z\u00f6tt. Neh\u00e9z elk\u00e9pzelni enn\u00e9l gyorsabb vagy jobban bevon\u00f3 k\u00f6z\u00e9pmotoros sportaut\u00f3t, amely egyszerre ennyire technikailag kifinomult \u00e9s \u00e9rzelmileg felkavar\u00f3.<\/p>\n","protected":false},"excerpt":{"rendered":"<p>Feny\u0151 Mikl\u00f3s az elm\u00falt h\u00f3napokban akt\u00edv koncertnapt\u00e1rral dolgozott, mik\u00f6zben hosszabb t\u00e1v\u00fa terveken is gondolkodott. A zen\u00e9sz novemberben Londonban j\u00e1rt egy&#8230; <span class=\"gridview-grid-post-read-more\"><a href=\"https:\/\/wofvideo.pro\/mostjott\/kiderult-minden-fenyo-mikirol\/\">read more<span class=\"gridview-sr-only\"> Kider\u00fclt minden Feny\u0151 Mikir\u0151l!<\/span><\/a><\/span><\/p>\n","protected":false},"author":1,"featured_media":1110,"comment_status":"open","ping_status":"open","sticky":false,"template":"","format":"standard","meta":{"footnotes":""},"categories":[1],"tags":[],"class_list":["post-1109","post","type-post","status-publish","format-standard","has-post-thumbnail","hentry","category-egyeb","wpcat-1-id"],"_links":{"self":[{"href":"https:\/\/wofvideo.pro\/mostjott\/wp-json\/wp\/v2\/posts\/1109","targetHints":{"allow":["GET"]}}],"collection":[{"href":"https:\/\/wofvideo.pro\/mostjott\/wp-json\/wp\/v2\/posts"}],"about":[{"href":"https:\/\/wofvideo.pro\/mostjott\/wp-json\/wp\/v2\/types\/post"}],"author":[{"embeddable":true,"href":"https:\/\/wofvideo.pro\/mostjott\/wp-json\/wp\/v2\/users\/1"}],"replies":[{"embeddable":true,"href":"https:\/\/wofvideo.pro\/mostjott\/wp-json\/wp\/v2\/comments?post=1109"}],"version-history":[{"count":1,"href":"https:\/\/wofvideo.pro\/mostjott\/wp-json\/wp\/v2\/posts\/1109\/revisions"}],"predecessor-version":[{"id":1111,"href":"https:\/\/wofvideo.pro\/mostjott\/wp-json\/wp\/v2\/posts\/1109\/revisions\/1111"}],"wp:featuredmedia":[{"embeddable":true,"href":"https:\/\/wofvideo.pro\/mostjott\/wp-json\/wp\/v2\/media\/1110"}],"wp:attachment":[{"href":"https:\/\/wofvideo.pro\/mostjott\/wp-json\/wp\/v2\/media?parent=1109"}],"wp:term":[{"taxonomy":"category","embeddable":true,"href":"https:\/\/wofvideo.pro\/mostjott\/wp-json\/wp\/v2\/categories?post=1109"},{"taxonomy":"post_tag","embeddable":true,"href":"https:\/\/wofvideo.pro\/mostjott\/wp-json\/wp\/v2\/tags?post=1109"}],"curies":[{"name":"wp","href":"https:\/\/api.w.org\/{rel}","templated":true}]}}