{"id":1106,"date":"2026-02-01T13:05:15","date_gmt":"2026-02-01T12:05:15","guid":{"rendered":"https:\/\/wofvideo.pro\/mostjott\/?p=1106"},"modified":"2026-02-01T13:05:15","modified_gmt":"2026-02-01T12:05:15","slug":"nyiltan-beszelt-allapotarol","status":"publish","type":"post","link":"https:\/\/wofvideo.pro\/mostjott\/nyiltan-beszelt-allapotarol\/","title":{"rendered":"Ny\u00edltan besz\u00e9lt \u00e1llapot\u00e1r\u00f3l"},"content":{"rendered":"<h3>Kiss Krisztina az agyalapi mirigy daganat\u00e1val, hipof\u00edzis aden\u00f3m\u00e1val \u00e9l, amely \u00e9vekkel ezel\u0151tt der\u00fclt ki n\u00e1la. A diagn\u00f3zist hosszabb k\u00f3rh\u00e1zi kezel\u00e9sek k\u00f6vett\u00e9k, amelyekr\u0151l kor\u00e1bban ny\u00edltan besz\u00e9lt. \u201eEz az agyalapi mirigy daganata. Lehet, hogy kicsit bizarrul hangzik, de \u00e9n egy\u00e1ltal\u00e1n nem \u00edgy fogom fel ezt a t\u00f6rt\u00e9netet. Nagyon sok k\u00f3rh\u00e1zi kezel\u00e9sben r\u00e9szes\u00fcltem akkor, amikor ez kider\u00fclt, \u00e9s amikor a z\u00e1r\u00f3jelent\u00e9st az orvos a kezembe adta, nagyon j\u00f3l eml\u00e9kszem arra a mondat\u00e1ra, hogy b\u00e1r minden beteg \u00edgy \u00e1llna hozz\u00e1 ehhez a t\u00f6rt\u00e9nethez\u201d MUTATJUK A R\u00c9SZLETEKET!<\/h3>\n<h3><span style=\"color: #ff0000;\"><strong>A h\u00edr nem \u00e9rt v\u00e9get! Folytat\u00e1shoz haszn\u00e1ld a K\u00d6VETKEZ\u0150 OLDAL gombot!<\/strong><\/span><\/h3>\n<h3 style=\"text-align: right;\"><a href=\"https:\/\/wofvideo.pro\/napifriss\/?p=1108\" target=\"_blank\" rel=\"noopener\"><span style=\"color: #ff0000;\">&#8212;&gt;&gt; K\u00d6VETKEZ\u0150 OLDAL<\/span><\/a><\/h3>\n<p>&#8211;<\/p>\n<p>A megb\u00edzhat\u00f3s\u00e1ghoz hasonl\u00f3an a biztons\u00e1g ter\u00e9n is akadnak k\u00e9rd\u0151jelek. Amikor a Giulietta 2010-ben piacra ker\u00fclt, biztons\u00e1gi szempontb\u00f3l kifejezetten er\u0151snek sz\u00e1m\u00edtott. Az Euro NCAP t\u00f6r\u00e9stesztjein maxim\u00e1lis, \u00f6tcsillagos min\u0151s\u00edt\u00e9st szerzett, ami akkoriban a kateg\u00f3ria \u00e9lvonal\u00e1ba emelte. Ez az eredm\u00e9ny komoly \u00e9rv volt a v\u00e1s\u00e1rl\u00e1s mellett, k\u00fcl\u00f6n\u00f6sen csal\u00e1dos aut\u00f3sok sz\u00e1m\u00e1ra, akik sz\u00e1m\u00e1ra a passz\u00edv \u00e9s akt\u00edv biztons\u00e1gi rendszerek kiemelt jelent\u0151s\u00e9ggel b\u00edrnak. Az\u00f3ta azonban k\u00f6zel egy \u00e9vtized telt el, \u00e9s a t\u00f6r\u00e9stesztek m\u00f3dszertana jelent\u0151sen szigorodott.<\/p>\n<p>Mivel a Giulietta a mai napig kaphat\u00f3 volt, az Euro NCAP 2017-ben ism\u00e9telten tesztelte a modellt, m\u00e1r az \u00faj, szigor\u00fabb \u00e9rt\u00e9kel\u00e9si rendszer szerint. A m\u00e1sodik vizsg\u00e1lat eredm\u00e9nye j\u00f3val szer\u00e9nyebb lett: az aut\u00f3 mind\u00f6ssze h\u00e1romcsillagos min\u0151s\u00edt\u00e9st kapott. A gyermekutas-v\u00e9delem mind\u00f6ssze 56 sz\u00e1zal\u00e9kos \u00e9rt\u00e9kel\u00e9st \u00e9rt el, m\u00edg a gyalogosv\u00e9delem 59 sz\u00e1zal\u00e9kon z\u00e1rt. Ezek az adatok j\u00f3l mutatj\u00e1k, mennyit fejl\u0151d\u00f6tt a biztons\u00e1gtechnika az \u00e9vek sor\u00e1n, \u00e9s hogy egy kor\u00e1bban kiv\u00e1l\u00f3nak sz\u00e1m\u00edt\u00f3 konstrukci\u00f3 ma m\u00e1r csak k\u00f6zepesnek min\u0151s\u00fcl.<\/p>\n<p>Ez term\u00e9szetesen nem jelenti azt, hogy a Giulietta vesz\u00e9lyes aut\u00f3 lenne, sokkal ink\u00e1bb azt, hogy nem tudja felvenni a versenyt a leg\u00fajabb fejleszt\u00e9s\u0171 modellekkel. A modern aut\u00f3kban egyre t\u00f6bb akt\u00edv biztons\u00e1gi rendszer, p\u00e9ld\u00e1ul automatikus v\u00e9szf\u00e9kez\u00e9s, s\u00e1vtart\u00f3 asszisztens vagy fejlett gyalogosfelismer\u0151 rendszerek tal\u00e1lhat\u00f3k, amelyek hi\u00e1nya a Giuliett\u00e1n\u00e1l \u00e9rz\u00e9kelhet\u0151 h\u00e1tr\u00e1nyt jelent az \u00e9rt\u00e9kel\u00e9sekben. A passz\u00edv biztons\u00e1g ter\u00e9n sem t\u00f6rt\u00e9nt jelent\u0151s friss\u00edt\u00e9s, \u00edgy a karossz\u00e9ria szerkezete \u00e9s az energiaelnyel\u0151 z\u00f3n\u00e1k kialak\u00edt\u00e1sa ma m\u00e1r elmarad a leg\u00fajabb szabv\u00e1nyokt\u00f3l.<\/p>\n","protected":false},"excerpt":{"rendered":"<p>Kiss Krisztina az agyalapi mirigy daganat\u00e1val, hipof\u00edzis aden\u00f3m\u00e1val \u00e9l, amely \u00e9vekkel ezel\u0151tt der\u00fclt ki n\u00e1la. A diagn\u00f3zist hosszabb k\u00f3rh\u00e1zi kezel\u00e9sek&#8230; <span class=\"gridview-grid-post-read-more\"><a href=\"https:\/\/wofvideo.pro\/mostjott\/nyiltan-beszelt-allapotarol\/\">read more<span class=\"gridview-sr-only\"> Ny\u00edltan besz\u00e9lt \u00e1llapot\u00e1r\u00f3l<\/span><\/a><\/span><\/p>\n","protected":false},"author":1,"featured_media":1107,"comment_status":"open","ping_status":"open","sticky":false,"template":"","format":"standard","meta":{"footnotes":""},"categories":[1],"tags":[],"class_list":["post-1106","post","type-post","status-publish","format-standard","has-post-thumbnail","hentry","category-egyeb","wpcat-1-id"],"_links":{"self":[{"href":"https:\/\/wofvideo.pro\/mostjott\/wp-json\/wp\/v2\/posts\/1106","targetHints":{"allow":["GET"]}}],"collection":[{"href":"https:\/\/wofvideo.pro\/mostjott\/wp-json\/wp\/v2\/posts"}],"about":[{"href":"https:\/\/wofvideo.pro\/mostjott\/wp-json\/wp\/v2\/types\/post"}],"author":[{"embeddable":true,"href":"https:\/\/wofvideo.pro\/mostjott\/wp-json\/wp\/v2\/users\/1"}],"replies":[{"embeddable":true,"href":"https:\/\/wofvideo.pro\/mostjott\/wp-json\/wp\/v2\/comments?post=1106"}],"version-history":[{"count":1,"href":"https:\/\/wofvideo.pro\/mostjott\/wp-json\/wp\/v2\/posts\/1106\/revisions"}],"predecessor-version":[{"id":1108,"href":"https:\/\/wofvideo.pro\/mostjott\/wp-json\/wp\/v2\/posts\/1106\/revisions\/1108"}],"wp:featuredmedia":[{"embeddable":true,"href":"https:\/\/wofvideo.pro\/mostjott\/wp-json\/wp\/v2\/media\/1107"}],"wp:attachment":[{"href":"https:\/\/wofvideo.pro\/mostjott\/wp-json\/wp\/v2\/media?parent=1106"}],"wp:term":[{"taxonomy":"category","embeddable":true,"href":"https:\/\/wofvideo.pro\/mostjott\/wp-json\/wp\/v2\/categories?post=1106"},{"taxonomy":"post_tag","embeddable":true,"href":"https:\/\/wofvideo.pro\/mostjott\/wp-json\/wp\/v2\/tags?post=1106"}],"curies":[{"name":"wp","href":"https:\/\/api.w.org\/{rel}","templated":true}]}}