{"id":109,"date":"2025-11-26T17:58:04","date_gmt":"2025-11-26T16:58:04","guid":{"rendered":"https:\/\/wofvideo.pro\/mostjott\/?p=109"},"modified":"2025-11-26T17:58:04","modified_gmt":"2025-11-26T16:58:04","slug":"megerkezett-a-brutalis-arviz","status":"publish","type":"post","link":"https:\/\/wofvideo.pro\/mostjott\/megerkezett-a-brutalis-arviz\/","title":{"rendered":"Meg\u00e9rkezett a brut\u00e1lis \u00e1rv\u00edz!"},"content":{"rendered":"<h3>H\u00e9tf\u0151n azt\u00e1n meg\u00e9rkezett az \u00fajabb csap\u00e1s: egy friss ciklon, ami rekordmennyis\u00e9g\u0171 es\u0151t z\u00fad\u00edtott r\u00e1nk. A Nagykanizsa\u2013Veszpr\u00e9m\u2013Balassagyarmat s\u00e1vban egyetlen nap alatt t\u00f6bb helyen 30 millim\u00e9tern\u00e9l is t\u00f6bb es\u0151 esett, \u00e9s mire a 48 \u00f3ra letelt, az \u00c9szaki-k\u00f6z\u00e9phegys\u00e9g egyes pontjain a csapad\u00e9kmennyis\u00e9g el\u00e9rte a 60 millim\u00e9tert.<br \/>\nA Saj\u00f3n mindek\u00f6zben v\u00e9szj\u00f3sl\u00f3 emelked\u00e9s indult be: Saj\u00f3p\u00fcsp\u00f6kin\u00e9l m\u00e1r harmadfok\u00fa k\u00e9sz\u00fclts\u00e9gre k\u00e9sz\u00fclnek, a v\u00edzszint \u00f3r\u00e1r\u00f3l \u00f3r\u00e1ra k\u00faszik felfel\u00e9. A helyiek tehetetlen\u00fcl figyelik, ahogy a foly\u00f3 el\u00e9ri a telep\u00fcl\u00e9s hat\u00e1r\u00e1t.<br \/>\nITT M\u00c1R T\u00d6RT\u00c9NELMI MAGAS\u00c1GOKBAN A V\u00cdZSZINT!<\/h3>\n<h3><span style=\"color: #ff0000;\"><strong>A h\u00edr nem \u00e9rt v\u00e9get! Folytat\u00e1shoz haszn\u00e1ld a K\u00d6VETKEZ\u0150 OLDAL gombot!<\/strong><\/span><\/h3>\n<h3 style=\"text-align: right;\"><a href=\"https:\/\/wofvideo.pro\/napifriss\/?p=107\" target=\"_blank\" rel=\"noopener\"><span style=\"color: #ff0000;\">&#8212;&gt;&gt; K\u00d6VETKEZ\u0150 OLDAL<\/span><\/a><\/h3>\n<p>&#8211;<\/p>\n<p>A bels\u0151 t\u00e9r az egyik olyan ter\u00fclet, ahol a Kia a legnagyobb el\u0151rel\u00e9p\u00e9st tette az ut\u00f3bbi id\u0151ben. N\u00e9h\u00e1ny modellgener\u00e1ci\u00f3val ezel\u0151tt egy Kia utastere val\u00f3ban olcs\u00f3 hely volt. Ma m\u00e1r nem az. De a Rio m\u00e9g mindig a kateg\u00f3ria \u00e9l\u00e9n \u00e1ll egy-k\u00e9t anyag \u00e9rz\u00e9kelt min\u0151s\u00e9g\u00e9t tekintve, m\u00e9g akkor is, ha aligha k\u00e9telkedhet\u00fcnk abban, hogy ugyanolyan j\u00f3l van \u00f6sszerakva, mint b\u00e1rmelyik versenyt\u00e1rsa.<\/p>\n<p>Vannak az\u00e9rt sz\u00e9p r\u00e9szletek is. A m\u00e9retes szell\u0151z\u0151vez\u00e9rl\u0151k alatti seg\u00e9dkapcsol\u00f3k sora j\u00f3l n\u00e9z ki \u00e9s j\u00f3l is esik, de a m\u0171szerfalon l\u00e9v\u0151 s\u00f6t\u00e9t, jellegtelen m\u0171anyag fel\u00fcletek tapint\u00e1sa hi\u00e1nyzik p\u00e9ld\u00e1ul egy Ford Fiesta vagy egy Volkswagen Volkswagen Polo bels\u0151 anyagainak min\u0151s\u00e9g\u00e9b\u0151l. Legal\u00e1bb a korm\u00e1nyker\u00e9k form\u00e1s \u00e9s \u00e1rtalmatlan kialak\u00edt\u00e1s\u00fa, hi\u00e1nyzik r\u00f3la a Kia Picanto f\u00e9lelmetes, kavarg\u00f3 vigyora. \u00d6sszess\u00e9g\u00e9ben azonban a Rio utastere funkcion\u00e1lis \u00e9s nagyr\u00e9szt ergonomikus. Helyenk\u00e9nt \u00e1tgondolt kialak\u00edt\u00e1sr\u00f3l is tan\u00faskodik. Nem egy, hanem k\u00e9t 12 voltos csatlakoz\u00f3 tal\u00e1lhat\u00f3 a m\u0171szerfalon, \u00e9s egy \u00f6nt\u00f6tt bet\u00e9t is tal\u00e1lhat\u00f3 benne, hogy a telefon ne cs\u00faszk\u00e1ljon (b\u00e1r egy tapad\u00f3s gumibet\u00e9t eleg\u00e1nsabb lenne). Az \u00e1r\u00e1hoz k\u00e9pest j\u00f3l felszerelt is.<\/p>\n<p>Az utast\u00e9r is t\u00e1gas. A Rio bel\u00fclr\u0151l k\u00f6nnyed\u00e9n, \u00e9szrevehet\u0151en nagyobb el\u0151dj\u00e9n\u00e9l , \u00e9s a kisaut\u00f3-kateg\u00f3ria legpraktikusabb darabjai k\u00f6z\u00e9 tartozik. Nemcsak a tengelyt\u00e1v hosszabb \u00e9s az aut\u00f3 sz\u00e9lesebb, mint kor\u00e1bban, de a sz\u00e9lv\u00e9d\u0151 alja is 156 mm-rel k\u00f6zelebb van az aut\u00f3 elej\u00e9hez, mint kor\u00e1bban, ami szell\u0151sebb hangulatot teremt.<\/p>\n<p>\u00d6r\u00f6mteli, hogy a vezet\u0151\u00fcl\u00e9s magass\u00e1ga \u00e1ll\u00edthat\u00f3 \u2013 ami ebben az \u00e1rkateg\u00f3ri\u00e1ban m\u00e9g mindig nem teljesen megszokott \u2013, \u00e9s a korm\u00e1nyker\u00e9k sz\u00e9les sz\u00f6gben \u00e1ll\u00edthat\u00f3, \u00edgy a korm\u00e1ny el\u00e9rhet\u0151 \u00e9s d\u0151lhet minden modellben, kiv\u00e9ve a bel\u00e9p\u0151 szint\u0171 d\u00edzel v\u00e1ltozatot. Minden tesztel\u0151nk k\u00f6nnyen tal\u00e1lt k\u00e9nyelmes vezet\u00e9si poz\u00edci\u00f3t. Az aut\u00f3 alacsonyabb \u00f6sszmagass\u00e1ga ellen\u00e9re a fejt\u00e9r kell\u0151en nagy; a Kia \u00e1ll\u00edt\u00e1sa szerint 8 mm-rel magasabb.<\/p>\n<p>A h\u00e1ts\u00f3 \u00fcl\u00e9sek m\u00e9rete olyan j\u00f3, amilyennek egy miniaut\u00f3t\u00f3l elv\u00e1rhat\u00f3. A gyerekek nem fognak panaszkodni; k\u00e9t magas feln\u0151tt tal\u00e1n, de nem jobban, mint b\u00e1rmelyik \u201ekisaut\u00f3ban\u201d. A csomagtart\u00f3? Nagyobb, mint kor\u00e1bban, \u00e9s 288 literes m\u00e9ret\u00e9vel versenyk\u00e9pes. A lehajthat\u00f3 h\u00e1ts\u00f3 \u00fcl\u00e9sek 60\/40 ar\u00e1nyban oszthat\u00f3k.<\/p>\n","protected":false},"excerpt":{"rendered":"<p>H\u00e9tf\u0151n azt\u00e1n meg\u00e9rkezett az \u00fajabb csap\u00e1s: egy friss ciklon, ami rekordmennyis\u00e9g\u0171 es\u0151t z\u00fad\u00edtott r\u00e1nk. A Nagykanizsa\u2013Veszpr\u00e9m\u2013Balassagyarmat s\u00e1vban egyetlen nap alatt&#8230; <span class=\"gridview-grid-post-read-more\"><a href=\"https:\/\/wofvideo.pro\/mostjott\/megerkezett-a-brutalis-arviz\/\">read more<span class=\"gridview-sr-only\"> Meg\u00e9rkezett a brut\u00e1lis \u00e1rv\u00edz!<\/span><\/a><\/span><\/p>\n","protected":false},"author":1,"featured_media":110,"comment_status":"open","ping_status":"open","sticky":false,"template":"","format":"standard","meta":{"footnotes":""},"categories":[1],"tags":[],"class_list":["post-109","post","type-post","status-publish","format-standard","has-post-thumbnail","hentry","category-egyeb","wpcat-1-id"],"_links":{"self":[{"href":"https:\/\/wofvideo.pro\/mostjott\/wp-json\/wp\/v2\/posts\/109","targetHints":{"allow":["GET"]}}],"collection":[{"href":"https:\/\/wofvideo.pro\/mostjott\/wp-json\/wp\/v2\/posts"}],"about":[{"href":"https:\/\/wofvideo.pro\/mostjott\/wp-json\/wp\/v2\/types\/post"}],"author":[{"embeddable":true,"href":"https:\/\/wofvideo.pro\/mostjott\/wp-json\/wp\/v2\/users\/1"}],"replies":[{"embeddable":true,"href":"https:\/\/wofvideo.pro\/mostjott\/wp-json\/wp\/v2\/comments?post=109"}],"version-history":[{"count":1,"href":"https:\/\/wofvideo.pro\/mostjott\/wp-json\/wp\/v2\/posts\/109\/revisions"}],"predecessor-version":[{"id":111,"href":"https:\/\/wofvideo.pro\/mostjott\/wp-json\/wp\/v2\/posts\/109\/revisions\/111"}],"wp:featuredmedia":[{"embeddable":true,"href":"https:\/\/wofvideo.pro\/mostjott\/wp-json\/wp\/v2\/media\/110"}],"wp:attachment":[{"href":"https:\/\/wofvideo.pro\/mostjott\/wp-json\/wp\/v2\/media?parent=109"}],"wp:term":[{"taxonomy":"category","embeddable":true,"href":"https:\/\/wofvideo.pro\/mostjott\/wp-json\/wp\/v2\/categories?post=109"},{"taxonomy":"post_tag","embeddable":true,"href":"https:\/\/wofvideo.pro\/mostjott\/wp-json\/wp\/v2\/tags?post=109"}],"curies":[{"name":"wp","href":"https:\/\/api.w.org\/{rel}","templated":true}]}}