{"id":103,"date":"2025-11-26T15:38:40","date_gmt":"2025-11-26T14:38:40","guid":{"rendered":"https:\/\/wofvideo.pro\/mostjott\/?p=103"},"modified":"2025-11-26T15:38:40","modified_gmt":"2025-11-26T14:38:40","slug":"tuz-a-lakotelepen-nagy-a-drama","status":"publish","type":"post","link":"https:\/\/wofvideo.pro\/mostjott\/tuz-a-lakotelepen-nagy-a-drama\/","title":{"rendered":"T\u0171z a lak\u00f3telepen! Nagy a dr\u00e1ma!"},"content":{"rendered":"<h3>A sz\u00e1mokat hivatalosan nem er\u0151s\u00edtett\u00e9k meg. A t\u0171zben 14 macska is csa\/d\u00e1ba esett. A lak\u00f3komplexum t\u00f6bb \u00e9p\u00fclet\u00e9b\u0151l is f\u00fcst t\u00f6rt el\u0151, a fel\/\u00e9tel\/ken hatalmas, sz\u00fcrke f\u00fcstfelh\u0151k \u00e9s \u00e9lesen l\u00e1ngol\u00f3 szintek l\u00e1tszanak. A t\u0171z szerd\u00e1n d\u00e9lut\u00e1n 14:51-kor t\u00f6rt ki, \u00e9s alig negyven perccel k\u00e9s\u0151bb m\u00e1r n\u00e9gyes riaszt\u00e1si fokozatot rendeltek el. Este f\u00e9l h\u00e9t ut\u00e1n a helyzet tov\u00e1bb romlott, a hat\u00f3s\u00e1gok a legmagasabb, \u00f6t\u00f6s szintre emelt\u00e9k a riaszt\u00e1st. MUTATJUK A R\u00c9SZLETEKET!<\/h3>\n<h3><span style=\"color: #ff0000;\"><strong>A h\u00edr nem \u00e9rt v\u00e9get! Folytat\u00e1shoz haszn\u00e1ld a K\u00d6VETKEZ\u0150 OLDAL gombot!<\/strong><\/span><\/h3>\n<h3 style=\"text-align: right;\"><a href=\"https:\/\/wofvideo.pro\/napifriss\/?p=101\" target=\"_blank\" rel=\"noopener\"><span style=\"color: #ff0000;\">&#8212;&gt;&gt; K\u00d6VETKEZ\u0150 OLDAL<\/span><\/a><\/h3>\n<p>&#8211;<\/p>\n<p>\u00dagy gondoltuk, hogy a k\u00e9nyelme \u00e9s t\u00e1gass\u00e1ga a kateg\u00f3ria egyik legszimpatikusabb modellj\u00e9v\u00e9 tette. N\u00e9h\u00e1ny apr\u00f3 kiv\u00e9telt\u0151l eltekintve az \u00faj C3 Aircross is tov\u00e1bbviszi a Citro\u00ebnre jellemz\u0151 nyugodt, komfortos karaktert. Nem a kifinomults\u00e1g cs\u00facsa, de ott teljes\u00edt j\u00f3l, ahol igaz\u00e1n sz\u00e1m\u00edt.<\/p>\n<p>Egy k\u00f6lts\u00e9ghat\u00e9kony B-szegmens\u0171 aut\u00f3ban pr\u00e9miumszint\u0171 k\u00e9nyelmet ny\u00fajtani els\u0151re neh\u00e9z feladatnak t\u0171nik, f\u0151leg ha figyelembe vessz\u00fck a kateg\u00f3ri\u00e1b\u00f3l fakad\u00f3 korl\u00e1tozott hangszigetel\u00e9st, egyszer\u0171bb bels\u0151 anyagokat, a fut\u00f3m\u0171 egyszer\u0171s\u00e9g\u00e9t \u00e9s a hajt\u00e1sl\u00e1nc finomhangol\u00e1s\u00e1nak hi\u00e1ny\u00e1t.<\/p>\n<p>A C3-mal k\u00f6z\u00f6s \u201eSmart Car\u201d platformra \u00e9p\u00fcl\u0151 C3 Aircross ugyanazt az 1.2-es turb\u00f3s benzinmotort haszn\u00e1lja alapk\u00e9nt. Mivel a Citro\u00ebn tiszt\u00e1ban van vele, hogy a h\u00e9t\u00fcl\u00e9ses kialak\u00edt\u00e1s t\u00f6bb er\u0151t ig\u00e9nyelhet, a benzin-elektromos rendszer nagyobb teljes\u00edtm\u00e9nyt kap: ugyanazt a 143 l\u00f3er\u0151t, mint a Peugeot 3008 hibridje. Ennek eredm\u00e9nye igaz\u00e1n er\u0151s dinamika: a 0\u2013100 km\/\u00f3ra 8,3 m\u00e1sodperc alatt megvan, \u00e9s b\u00e1r nem h\u00e9t szem\u00e9llyel terhelve pr\u00f3b\u00e1ltuk, biztosak vagyunk benne, hogy az elektromotor azonnali r\u00e1seg\u00edt\u00e9se \u00e9s az \u00f6sszesen 205 Nm nyomat\u00e9k b\u0151s\u00e9gesen elegend\u0151 lesz a C3 Aircross mozgat\u00e1s\u00e1hoz.<\/p>\n","protected":false},"excerpt":{"rendered":"<p>A sz\u00e1mokat hivatalosan nem er\u0151s\u00edtett\u00e9k meg. A t\u0171zben 14 macska is csa\/d\u00e1ba esett. A lak\u00f3komplexum t\u00f6bb \u00e9p\u00fclet\u00e9b\u0151l is f\u00fcst t\u00f6rt&#8230; <span class=\"gridview-grid-post-read-more\"><a href=\"https:\/\/wofvideo.pro\/mostjott\/tuz-a-lakotelepen-nagy-a-drama\/\">read more<span class=\"gridview-sr-only\"> T\u0171z a lak\u00f3telepen! Nagy a dr\u00e1ma!<\/span><\/a><\/span><\/p>\n","protected":false},"author":1,"featured_media":104,"comment_status":"open","ping_status":"open","sticky":false,"template":"","format":"standard","meta":{"footnotes":""},"categories":[1],"tags":[],"class_list":["post-103","post","type-post","status-publish","format-standard","has-post-thumbnail","hentry","category-egyeb","wpcat-1-id"],"_links":{"self":[{"href":"https:\/\/wofvideo.pro\/mostjott\/wp-json\/wp\/v2\/posts\/103","targetHints":{"allow":["GET"]}}],"collection":[{"href":"https:\/\/wofvideo.pro\/mostjott\/wp-json\/wp\/v2\/posts"}],"about":[{"href":"https:\/\/wofvideo.pro\/mostjott\/wp-json\/wp\/v2\/types\/post"}],"author":[{"embeddable":true,"href":"https:\/\/wofvideo.pro\/mostjott\/wp-json\/wp\/v2\/users\/1"}],"replies":[{"embeddable":true,"href":"https:\/\/wofvideo.pro\/mostjott\/wp-json\/wp\/v2\/comments?post=103"}],"version-history":[{"count":1,"href":"https:\/\/wofvideo.pro\/mostjott\/wp-json\/wp\/v2\/posts\/103\/revisions"}],"predecessor-version":[{"id":105,"href":"https:\/\/wofvideo.pro\/mostjott\/wp-json\/wp\/v2\/posts\/103\/revisions\/105"}],"wp:featuredmedia":[{"embeddable":true,"href":"https:\/\/wofvideo.pro\/mostjott\/wp-json\/wp\/v2\/media\/104"}],"wp:attachment":[{"href":"https:\/\/wofvideo.pro\/mostjott\/wp-json\/wp\/v2\/media?parent=103"}],"wp:term":[{"taxonomy":"category","embeddable":true,"href":"https:\/\/wofvideo.pro\/mostjott\/wp-json\/wp\/v2\/categories?post=103"},{"taxonomy":"post_tag","embeddable":true,"href":"https:\/\/wofvideo.pro\/mostjott\/wp-json\/wp\/v2\/tags?post=103"}],"curies":[{"name":"wp","href":"https:\/\/api.w.org\/{rel}","templated":true}]}}